{"id":5176,"date":"2025-06-05T14:00:10","date_gmt":"2025-06-05T12:00:10","guid":{"rendered":"https:\/\/barriosanmartin.com\/2025\/06\/05\/txapelarte\/"},"modified":"2025-11-03T10:20:40","modified_gmt":"2025-11-03T09:20:40","slug":"txapelarte","status":"publish","type":"post","link":"https:\/\/barriosanmartin.com\/eu\/2025\/06\/05\/txapelarte\/","title":{"rendered":"TXAPELARTE"},"content":{"rendered":"\n<p><strong><strong>Arima solidarioa duen artea.<\/strong><\/strong><\/p>\n\n\n\n<p>Artistak zaindutako Txapel El\u00f3segui erakusketa ibiltaria, Minbiziaren Aurkako Elkartearen alde.<\/p>\n\n\n\n<p><strong><a href=\"#erakusketa\">1. <strong>Erakusketa<\/strong><\/a><\/strong><br><strong><a href=\"#artistak\">2. <strong>Artistak eta obrak<\/strong><\/a><\/strong><br><strong><a href=\"#ibiltaritza\">3. Ibiltaritza<\/a><\/strong><br><strong><a href=\"#enkante\">4. <strong>Enkante solidarioa<\/strong><\/a><\/strong><br><strong><a href=\"#proiektuari\">5. <strong>Proiektuari buruz<\/strong><\/a><\/strong><\/p>\n\n\n<style>.wp-block-kadence-advancedheading.kt-adv-heading5176_36309a-a0, .wp-block-kadence-advancedheading.kt-adv-heading5176_36309a-a0[data-kb-block=\"kb-adv-heading5176_36309a-a0\"]{font-style:normal;}.wp-block-kadence-advancedheading.kt-adv-heading5176_36309a-a0 mark.kt-highlight, .wp-block-kadence-advancedheading.kt-adv-heading5176_36309a-a0[data-kb-block=\"kb-adv-heading5176_36309a-a0\"] mark.kt-highlight{font-style:normal;color:#f76a0c;-webkit-box-decoration-break:clone;box-decoration-break:clone;padding-top:0px;padding-right:0px;padding-bottom:0px;padding-left:0px;}<\/style>\n<h3 id=\"erakusketa\" class=\"kt-adv-heading5176_36309a-a0 wp-block-kadence-advancedheading\" data-kb-block=\"kb-adv-heading5176_36309a-a0\"><strong>1. <strong>Erakusketa<\/strong><\/strong><\/h3>\n\n\n\n<figure class=\"wp-block-embed aligncenter is-type-video is-provider-youtube wp-block-embed-youtube wp-embed-aspect-16-9 wp-has-aspect-ratio\"><div class=\"wp-block-embed__wrapper\">\n<iframe loading=\"lazy\" title=\"Txapelarte\" width=\"500\" height=\"281\" src=\"https:\/\/www.youtube.com\/embed\/DhaQyaogdPE?feature=oembed\" frameborder=\"0\" allow=\"accelerometer; autoplay; clipboard-write; encrypted-media; gyroscope; picture-in-picture; web-share\" referrerpolicy=\"strict-origin-when-cross-origin\" allowfullscreen><\/iframe>\n<\/div><\/figure>\n\n\n\n<div style=\"height:40px\" aria-hidden=\"true\" class=\"wp-block-spacer\"><\/div>\n\n\n\n<p><strong>Txapelarte <\/strong>erakusketa ibiltaria da, gure nortasunaren ikono bat omentzen duena: <strong>Txapela<\/strong>. Euskal kulturan hain errotuta dagoen pieza honen azpian, hainbat diziplinatako artistek Boinas El\u00f3seguiren txapelak eskuz egin dituzte, espresioz, kolorez eta mezuz betetako lan paregabe bihurtuz.<\/p>\n\n\n\n<p>Erakusketa hau <strong>Kapelaren Ibilbidea<\/strong> programaren parte da, Barrio San Mart\u00edn elkarteak artearen, modaren eta tradizioaren bidez bere negozioei bizia emateko bultzatutako ekimena.<br><br>Gainera, <strong>Txapelartek<\/strong> helburu solidarioa du: Txapel guztiak enkantean jarriko dira <strong>Minbiziaren Aurkako Elkartearen<\/strong> alde, puntada, marra eta forma bakoitzean artea eta konpromiso soziala batuz.<br>Arakatu lan bakoitza, ezagutu bere sortzaileak eta lagun gaitzazu ibilbide artistiko honetan, probintziako hainbat txokotatik bidaiatzen joango dena.<\/p>\n\n\n\n<p>\ud83c\udfa8 Tradizioa, sorkuntza eta elkartasuna.<\/p>\n\n\n\n<p>\ud83e\udde2 Txapel bakoitzak balio du. Lan bakoitzak laguntzen du.<\/p>\n\n\n<style>.wp-block-kadence-advancedheading.kt-adv-heading5176_1f567a-1a, .wp-block-kadence-advancedheading.kt-adv-heading5176_1f567a-1a[data-kb-block=\"kb-adv-heading5176_1f567a-1a\"]{font-style:normal;}.wp-block-kadence-advancedheading.kt-adv-heading5176_1f567a-1a mark.kt-highlight, .wp-block-kadence-advancedheading.kt-adv-heading5176_1f567a-1a[data-kb-block=\"kb-adv-heading5176_1f567a-1a\"] mark.kt-highlight{font-style:normal;color:#f76a0c;-webkit-box-decoration-break:clone;box-decoration-break:clone;padding-top:0px;padding-right:0px;padding-bottom:0px;padding-left:0px;}<\/style>\n<h3 id=\"artistak\" class=\"kt-adv-heading5176_1f567a-1a wp-block-kadence-advancedheading\" data-kb-block=\"kb-adv-heading5176_1f567a-1a\"><strong>2. <strong>Artistak eta obrak<\/strong><\/strong><\/h3>\n\n\n\n<p class=\"has-text-align-center has-background\" style=\"background-color:#f7f7f761;margin-top:var(--wp--preset--spacing--40);margin-bottom:var(--wp--preset--spacing--70);padding-top:var(--wp--preset--spacing--40);padding-bottom:var(--wp--preset--spacing--40)\"><strong><a href=\"#anhelo\">ANHELO<\/a><br><a href=\"#inigo-aristegui\">I\u00d1IGO ARISTEGUI<\/a><br><a href=\"#elena-arrese\">ELENA ARRESE<\/a><br><a href=\"#miguel-balliache\">MIGUEL BALLIACHE<\/a><br><a href=\"#maria-berasarte\">MAR\u00cdA BERASARTE<\/a><br><a href=\"#martin-berasategui\">MART\u00cdN BERASATEGUI<\/a><br><a href=\"#giovanna-bittante\">GIOVANNA BITTANTE<\/a><br><a href=\"#mikel-casal\">MIKEL CASAL<\/a><br><a href=\"#charo-casteres\">CHARO CASTERES<\/a><br><a href=\"#laura-chamorro\">LAURA CHAMORRO<\/a><br><a href=\"#eduardo-chillida\">EDUARDO CHILLIDA<\/a> BELZUNCE<br><a href=\"#santiago-egurbide\">SANTIAGO EGURBIDE<\/a><br><a href=\"#amaia-estanga\">AMAIA ESTANGA<\/a><br><a href=\"#oihana-hernaiz\">OIHANA HERNAIZ<\/a><br><a href=\"#idoia-lizeaga\">IDOIA LIZEAGA<\/a><br><a href=\"#inigo-manterola\">I\u00d1IGO MANTEROLA<\/a><br><a href=\"#jon-martin-benat-krolem\">JON MARTIN &amp; BE\u00d1AT KROLEM<\/a><br><a href=\"#real-sociedad\">REAL SOCIEDAD<\/a><br><a href=\"#alex-ubago\">ALEX UBAGO<\/a><br><a href=\"#isabel-zapardiez\">ISABEL ZAPARDIEZ<\/a><\/strong><\/p>\n\n\n\n<p id=\"anhelo\">\ud83c\udfa8 <a><\/a><strong>&#8220;&#8230;ET VICTOR EVASIT&#8230;&#8221; (&#8220;&#8230;y sali\u00f3 victoriosa&#8230;&#8221;)<\/strong><\/p>\n\n\n\n<p>\ud83d\udc64 <a><\/a><strong>ANHELO<\/strong><\/p>\n\n\n\n<p>\ud83d\udcc4 Garaipenaren koroa, irrika, txapelean islatu nahi izan du, eta, minbizi batzuei lotutako koloretako luma naturalen bidez, itxaropen- eta erresilientzia-mezu bat helarazi nahi izan du, baita minbizia izan dutenei babesa, maitasuna, indarra eta maitasuna ere.<\/p>\n\n\n\n<p>Inspirazioa Elenaren esperientzia pertsonaletik sortzen da, 12 urterekin leuzemia batek gaixotu baitzuen, kualetik, garaile atera zen&#8230; beraz, &#8220;et victor evasit&#8221;, sorkuntza honen leivmotiv da.<\/p>\n\n\n\n<p>\ud83d\udcda Ana eta Elena Orella Anhelo dira. Euskal kapelagintza marka, artisau kapela eta burukoen sorkuntzan espezializatua. Diseinu pertsonalizatua eta materialen kalitatea ardatz hartuta, tradizioa eta modernitatea uztartzen dituzten pieza paregabeak eskaintzen ditu Anhelok.<\/p>\n\n\n\t\t\t\t\t<div\n\t\t\t\t\t\tclass=\"wp-block-uagb-image-gallery uagb-block-0fb3cdac     \"\n\t\t\t\t\t\tstyle=\"\"\n\t\t\t\t\t>\n\t\t\t\t\t\t\t\t\t\t\t<div class=\"spectra-image-gallery spectra-image-gallery__layout--masonry spectra-image-gallery__layout--masonry-col-2 spectra-image-gallery__layout--masonry-col-tab-3 spectra-image-gallery__layout--masonry-col-mob-2\">\n\t\t\t\t\t\t\t\t\t\t\t<div class='spectra-image-gallery__media-wrapper--isotope'>\n\t\t\t\t\t\t\t<div class='spectra-image-gallery__media-wrapper' data-spectra-gallery-image-id='5191' tabindex=\"0\">\n\t\t\t\t\t\t\t<div class=\"spectra-image-gallery__media spectra-image-gallery__media--masonry\">\n\t\t\t\t<picture>\n\t\t\t\t\t<source media=\"(min-width: 1024px)\" srcset=\"https:\/\/barriosanmartin.com\/wp-content\/uploads\/2025\/06\/Anhelo14-scaled.jpg\">\n\t\t\t\t\t<source media=\"(min-width: 768px)\" srcset=\"https:\/\/barriosanmartin.com\/wp-content\/uploads\/2025\/06\/Anhelo14-1024x681.jpg\">\n\t\t\t\t\t<img decoding=\"async\" class=\"spectra-image-gallery__media-thumbnail spectra-image-gallery__media-thumbnail--masonry\" src=\"https:\/\/barriosanmartin.com\/wp-content\/uploads\/2025\/06\/Anhelo14-300x200.jpg\" alt=\"\" loading=\"lazy\" \/>\n\t\t\t\t<\/picture>\n\t\t\t\t<div class=\"spectra-image-gallery__media-thumbnail-blurrer\"><\/div>\n\t\t\t\t\t\t\t\t\t\t\t<div class=\"spectra-image-gallery__media-thumbnail-caption-wrapper spectra-image-gallery__media-thumbnail-caption-wrapper--overlay\"><\/div>\n\t\t\t\t\t\t\t\t<\/div>\n\t\t\t\t\t\t<\/div>\n\t\t\t\t\t\t<\/div>\n\t\t\t\t\t\t<div class='spectra-image-gallery__media-wrapper--isotope'>\n\t\t\t\t\t\t\t<div class='spectra-image-gallery__media-wrapper' data-spectra-gallery-image-id='5193' tabindex=\"0\">\n\t\t\t\t\t\t\t<div class=\"spectra-image-gallery__media spectra-image-gallery__media--masonry\">\n\t\t\t\t<picture>\n\t\t\t\t\t<source media=\"(min-width: 1024px)\" srcset=\"https:\/\/barriosanmartin.com\/wp-content\/uploads\/2025\/06\/Anhelo15-scaled.jpg\">\n\t\t\t\t\t<source media=\"(min-width: 768px)\" srcset=\"https:\/\/barriosanmartin.com\/wp-content\/uploads\/2025\/06\/Anhelo15-681x1024.jpg\">\n\t\t\t\t\t<img decoding=\"async\" class=\"spectra-image-gallery__media-thumbnail spectra-image-gallery__media-thumbnail--masonry\" src=\"https:\/\/barriosanmartin.com\/wp-content\/uploads\/2025\/06\/Anhelo15-200x300.jpg\" alt=\"\" loading=\"lazy\" \/>\n\t\t\t\t<\/picture>\n\t\t\t\t<div class=\"spectra-image-gallery__media-thumbnail-blurrer\"><\/div>\n\t\t\t\t\t\t\t\t\t\t\t<div class=\"spectra-image-gallery__media-thumbnail-caption-wrapper spectra-image-gallery__media-thumbnail-caption-wrapper--overlay\"><\/div>\n\t\t\t\t\t\t\t\t<\/div>\n\t\t\t\t\t\t<\/div>\n\t\t\t\t\t\t<\/div>\n\t\t\t\t\t\t\t\t\t\t<\/div>\n\t\t\t\t\t\t\t\t\t\t\t\t\t\t\t\t\t\t<\/div>\n\t\t\t\t\t\t\t\t\t\n\n\n<div style=\"height:40px\" aria-hidden=\"true\" class=\"wp-block-spacer\"><\/div>\n\n\n\n<p id=\"inigo-aristegui\">\ud83c\udfa8 <a><\/a><strong>\u201cCONEXIONES DE HIERRO\u201d<\/strong><\/p>\n\n\n\n<p>\ud83d\udc64 <a><\/a><strong>I\u00d1IGO ARISTEGUI<\/strong><\/p>\n\n\n\n<p>\ud83d\udcc4 Gregorio Isasa Zapirain (Pasai San Pedro), nire amonaren aita. Lotzen nauten loturak burdina bezain indartsuak dira, haren eskuak eta begirada bezala. Zerumugan bat egiten duten ametsak.<\/p>\n\n\n\n<p>\ud83d\udcda 25 urte baino gehiagoko ibilbidea duen eskultore donostiarra, Arte aplikatuetan graduatua. Bere lanak kutsu minimalista garaikidea du, eta historian, fisikan eta soziologian oinarritzen da, hausnarketara gonbidatzen duten piezak sortzeko. Hainbat proiektu artistikotan parte hartu du, hala nola EsPAZio proiektuan, arrazoia eta pentsamendua aztertzen dituztenak.<\/p>\n\n\n\t\t\t\t\t<div\n\t\t\t\t\t\tclass=\"wp-block-uagb-image-gallery uagb-block-53334e85     \"\n\t\t\t\t\t\tstyle=\"\"\n\t\t\t\t\t>\n\t\t\t\t\t\t\t\t\t\t\t<div class=\"spectra-image-gallery spectra-image-gallery__layout--masonry spectra-image-gallery__layout--masonry-col-2 spectra-image-gallery__layout--masonry-col-tab-3 spectra-image-gallery__layout--masonry-col-mob-2\">\n\t\t\t\t\t\t\t\t\t\t\t<div class='spectra-image-gallery__media-wrapper--isotope'>\n\t\t\t\t\t\t\t<div class='spectra-image-gallery__media-wrapper' data-spectra-gallery-image-id='5201' tabindex=\"0\">\n\t\t\t\t\t\t\t<div class=\"spectra-image-gallery__media spectra-image-gallery__media--masonry\">\n\t\t\t\t<picture>\n\t\t\t\t\t<source media=\"(min-width: 1024px)\" srcset=\"https:\/\/barriosanmartin.com\/wp-content\/uploads\/2025\/06\/Aristegui_Inigo24-scaled.jpg\">\n\t\t\t\t\t<source media=\"(min-width: 768px)\" srcset=\"https:\/\/barriosanmartin.com\/wp-content\/uploads\/2025\/06\/Aristegui_Inigo24-681x1024.jpg\">\n\t\t\t\t\t<img decoding=\"async\" class=\"spectra-image-gallery__media-thumbnail spectra-image-gallery__media-thumbnail--masonry\" src=\"https:\/\/barriosanmartin.com\/wp-content\/uploads\/2025\/06\/Aristegui_Inigo24-200x300.jpg\" alt=\"\" loading=\"lazy\" \/>\n\t\t\t\t<\/picture>\n\t\t\t\t<div class=\"spectra-image-gallery__media-thumbnail-blurrer\"><\/div>\n\t\t\t\t\t\t\t\t\t\t\t<div class=\"spectra-image-gallery__media-thumbnail-caption-wrapper spectra-image-gallery__media-thumbnail-caption-wrapper--overlay\"><\/div>\n\t\t\t\t\t\t\t\t<\/div>\n\t\t\t\t\t\t<\/div>\n\t\t\t\t\t\t<\/div>\n\t\t\t\t\t\t<div class='spectra-image-gallery__media-wrapper--isotope'>\n\t\t\t\t\t\t\t<div class='spectra-image-gallery__media-wrapper' data-spectra-gallery-image-id='5204' tabindex=\"0\">\n\t\t\t\t\t\t\t<div class=\"spectra-image-gallery__media spectra-image-gallery__media--masonry\">\n\t\t\t\t<picture>\n\t\t\t\t\t<source media=\"(min-width: 1024px)\" srcset=\"https:\/\/barriosanmartin.com\/wp-content\/uploads\/2025\/06\/Aristegui_Inigo25-scaled.jpg\">\n\t\t\t\t\t<source media=\"(min-width: 768px)\" srcset=\"https:\/\/barriosanmartin.com\/wp-content\/uploads\/2025\/06\/Aristegui_Inigo25-681x1024.jpg\">\n\t\t\t\t\t<img decoding=\"async\" class=\"spectra-image-gallery__media-thumbnail spectra-image-gallery__media-thumbnail--masonry\" src=\"https:\/\/barriosanmartin.com\/wp-content\/uploads\/2025\/06\/Aristegui_Inigo25-200x300.jpg\" alt=\"\" loading=\"lazy\" \/>\n\t\t\t\t<\/picture>\n\t\t\t\t<div class=\"spectra-image-gallery__media-thumbnail-blurrer\"><\/div>\n\t\t\t\t\t\t\t\t\t\t\t<div class=\"spectra-image-gallery__media-thumbnail-caption-wrapper spectra-image-gallery__media-thumbnail-caption-wrapper--overlay\"><\/div>\n\t\t\t\t\t\t\t\t<\/div>\n\t\t\t\t\t\t<\/div>\n\t\t\t\t\t\t<\/div>\n\t\t\t\t\t\t<div class='spectra-image-gallery__media-wrapper--isotope'>\n\t\t\t\t\t\t\t<div class='spectra-image-gallery__media-wrapper' data-spectra-gallery-image-id='5206' tabindex=\"0\">\n\t\t\t\t\t\t\t<div class=\"spectra-image-gallery__media spectra-image-gallery__media--masonry\">\n\t\t\t\t<picture>\n\t\t\t\t\t<source media=\"(min-width: 1024px)\" srcset=\"https:\/\/barriosanmartin.com\/wp-content\/uploads\/2025\/06\/Aristegui_inigo40-scaled.jpg\">\n\t\t\t\t\t<source media=\"(min-width: 768px)\" srcset=\"https:\/\/barriosanmartin.com\/wp-content\/uploads\/2025\/06\/Aristegui_inigo40-1024x681.jpg\">\n\t\t\t\t\t<img decoding=\"async\" class=\"spectra-image-gallery__media-thumbnail spectra-image-gallery__media-thumbnail--masonry\" src=\"https:\/\/barriosanmartin.com\/wp-content\/uploads\/2025\/06\/Aristegui_inigo40-300x200.jpg\" alt=\"\" loading=\"lazy\" \/>\n\t\t\t\t<\/picture>\n\t\t\t\t<div class=\"spectra-image-gallery__media-thumbnail-blurrer\"><\/div>\n\t\t\t\t\t\t\t\t\t\t\t<div class=\"spectra-image-gallery__media-thumbnail-caption-wrapper spectra-image-gallery__media-thumbnail-caption-wrapper--overlay\"><\/div>\n\t\t\t\t\t\t\t\t<\/div>\n\t\t\t\t\t\t<\/div>\n\t\t\t\t\t\t<\/div>\n\t\t\t\t\t\t<div class='spectra-image-gallery__media-wrapper--isotope'>\n\t\t\t\t\t\t\t<div class='spectra-image-gallery__media-wrapper' data-spectra-gallery-image-id='5208' tabindex=\"0\">\n\t\t\t\t\t\t\t<div class=\"spectra-image-gallery__media spectra-image-gallery__media--masonry\">\n\t\t\t\t<picture>\n\t\t\t\t\t<source media=\"(min-width: 1024px)\" srcset=\"https:\/\/barriosanmartin.com\/wp-content\/uploads\/2025\/06\/Aristegui_inigo41-scaled.jpg\">\n\t\t\t\t\t<source media=\"(min-width: 768px)\" srcset=\"https:\/\/barriosanmartin.com\/wp-content\/uploads\/2025\/06\/Aristegui_inigo41-681x1024.jpg\">\n\t\t\t\t\t<img decoding=\"async\" class=\"spectra-image-gallery__media-thumbnail spectra-image-gallery__media-thumbnail--masonry\" src=\"https:\/\/barriosanmartin.com\/wp-content\/uploads\/2025\/06\/Aristegui_inigo41-200x300.jpg\" alt=\"\" loading=\"lazy\" \/>\n\t\t\t\t<\/picture>\n\t\t\t\t<div class=\"spectra-image-gallery__media-thumbnail-blurrer\"><\/div>\n\t\t\t\t\t\t\t\t\t\t\t<div class=\"spectra-image-gallery__media-thumbnail-caption-wrapper spectra-image-gallery__media-thumbnail-caption-wrapper--overlay\"><\/div>\n\t\t\t\t\t\t\t\t<\/div>\n\t\t\t\t\t\t<\/div>\n\t\t\t\t\t\t<\/div>\n\t\t\t\t\t\t\t\t\t\t<\/div>\n\t\t\t\t\t\t\t\t\t\t\t\t\t\t\t\t\t\t<\/div>\n\t\t\t\t\t\t\t\t\t\n\n\n<div style=\"height:40px\" aria-hidden=\"true\" class=\"wp-block-spacer\"><\/div>\n\n\n\n<p id=\"elena-arrese\">\ud83c\udfa8 <a><\/a><strong>\u201cVIAJE BOT\u00c1NICO POR SAN MART\u00cdN\u201d<\/strong><\/p>\n\n\n\n<p>\ud83d\udc64 <a><\/a><strong>ELENA ARRESE<\/strong><\/p>\n\n\n\n<p>\ud83d\udcc4 Txapel honetan nire esku hartzea San Martinen zehar egindako miniaturazko espedizio botaniko bat da.<\/p>\n\n\n\n<p>Donostiako txoko eder honen eguneroko edertasunean inspiratu naiz, bertako bizilagun batzuen balkoietan loratutako paradisu berde txiki batzuk eta bertako kaleetan bizi diren loreak harriduraz behatuz. Txapel hau aurrera doan natura horren guztiaren isla da, eta gogorarazten digu bere edertasuna edonon loratu daitekeela, baita San Martin auzoaren bihotzean ere.<\/p>\n\n\n\n<p>Hondakinetatik berreskuratutako eta birziklatutako oihal eta elementuekin egina, eta pinturekin eta esmalteekin jasangarritasuna eta ingurumena omentzen dituen artelan txiki batean eraldatua.<\/p>\n\n\n\n<p>\ud83d\udcda 1966an Tolosan jaiotako ikusizko artista, Geografia eta Historian lizentziatua Deustuko Unibertsitatean. 1989az geroztik, arteari eskaini dio bizitza, eta Korea, AEB, Mexiko, Grezia eta Frantziako erakusketa indibidual eta kolektiboetan parte hartu du.<\/p>\n\n\n\t\t\t\t\t<div\n\t\t\t\t\t\tclass=\"wp-block-uagb-image-gallery uagb-block-aab7ace6     \"\n\t\t\t\t\t\tstyle=\"\"\n\t\t\t\t\t>\n\t\t\t\t\t\t\t\t\t\t\t<div class=\"spectra-image-gallery spectra-image-gallery__layout--masonry spectra-image-gallery__layout--masonry-col-2 spectra-image-gallery__layout--masonry-col-tab-3 spectra-image-gallery__layout--masonry-col-mob-2\">\n\t\t\t\t\t\t\t\t\t\t\t<div class='spectra-image-gallery__media-wrapper--isotope'>\n\t\t\t\t\t\t\t<div class='spectra-image-gallery__media-wrapper' data-spectra-gallery-image-id='5196' tabindex=\"0\">\n\t\t\t\t\t\t\t<div class=\"spectra-image-gallery__media spectra-image-gallery__media--masonry\">\n\t\t\t\t<picture>\n\t\t\t\t\t<source media=\"(min-width: 1024px)\" srcset=\"https:\/\/barriosanmartin.com\/wp-content\/uploads\/2025\/06\/Arrese_Elena5-scaled.jpg\">\n\t\t\t\t\t<source media=\"(min-width: 768px)\" srcset=\"https:\/\/barriosanmartin.com\/wp-content\/uploads\/2025\/06\/Arrese_Elena5-681x1024.jpg\">\n\t\t\t\t\t<img decoding=\"async\" class=\"spectra-image-gallery__media-thumbnail spectra-image-gallery__media-thumbnail--masonry\" src=\"https:\/\/barriosanmartin.com\/wp-content\/uploads\/2025\/06\/Arrese_Elena5-200x300.jpg\" alt=\"\" loading=\"lazy\" \/>\n\t\t\t\t<\/picture>\n\t\t\t\t<div class=\"spectra-image-gallery__media-thumbnail-blurrer\"><\/div>\n\t\t\t\t\t\t\t\t\t\t\t<div class=\"spectra-image-gallery__media-thumbnail-caption-wrapper spectra-image-gallery__media-thumbnail-caption-wrapper--overlay\"><\/div>\n\t\t\t\t\t\t\t\t<\/div>\n\t\t\t\t\t\t<\/div>\n\t\t\t\t\t\t<\/div>\n\t\t\t\t\t\t<div class='spectra-image-gallery__media-wrapper--isotope'>\n\t\t\t\t\t\t\t<div class='spectra-image-gallery__media-wrapper' data-spectra-gallery-image-id='5198' tabindex=\"0\">\n\t\t\t\t\t\t\t<div class=\"spectra-image-gallery__media spectra-image-gallery__media--masonry\">\n\t\t\t\t<picture>\n\t\t\t\t\t<source media=\"(min-width: 1024px)\" srcset=\"https:\/\/barriosanmartin.com\/wp-content\/uploads\/2025\/06\/Arrese_Elena6-scaled.jpg\">\n\t\t\t\t\t<source media=\"(min-width: 768px)\" srcset=\"https:\/\/barriosanmartin.com\/wp-content\/uploads\/2025\/06\/Arrese_Elena6-681x1024.jpg\">\n\t\t\t\t\t<img decoding=\"async\" class=\"spectra-image-gallery__media-thumbnail spectra-image-gallery__media-thumbnail--masonry\" src=\"https:\/\/barriosanmartin.com\/wp-content\/uploads\/2025\/06\/Arrese_Elena6-200x300.jpg\" alt=\"\" loading=\"lazy\" \/>\n\t\t\t\t<\/picture>\n\t\t\t\t<div class=\"spectra-image-gallery__media-thumbnail-blurrer\"><\/div>\n\t\t\t\t\t\t\t\t\t\t\t<div class=\"spectra-image-gallery__media-thumbnail-caption-wrapper spectra-image-gallery__media-thumbnail-caption-wrapper--overlay\"><\/div>\n\t\t\t\t\t\t\t\t<\/div>\n\t\t\t\t\t\t<\/div>\n\t\t\t\t\t\t<\/div>\n\t\t\t\t\t\t\t\t\t\t<\/div>\n\t\t\t\t\t\t\t\t\t\t\t\t\t\t\t\t\t\t<\/div>\n\t\t\t\t\t\t\t\t\t\n\n\n<div style=\"height:40px\" aria-hidden=\"true\" class=\"wp-block-spacer\"><\/div>\n\n\n\n<p id=\"miguel-balliache\">\ud83c\udfa8 <strong>\u201cANIMAL ATTACK\u201d<\/strong><\/p>\n\n\n\n<p>\ud83d\udc64 <strong>MIGUEL BALLIACHE<\/strong><strong><\/strong><\/p>\n\n\n\n<p>\ud83d\udcc4Borrokarako pieza kutun bat bezala, non lumek, koloreak eta orban basatiek indartu eta babestu egiten gaituzten bizitzaren aldeko borroka gogorrean.<\/p>\n\n\n\n<p>\ud83d\udcda 1973an Caracasen jaiotako artista euskal-venezuelarra. 2003tik Donostian bizi eta lan egiten du. Bere lana Amerika, Europa eta Asiako bilduma pribatuetan dago, eta tekniken nahasketa eta intuitiboaren eta organikoaren arteko adierazpena ditu ezaugarri.<\/p>\n\n\n\t\t\t\t\t<div\n\t\t\t\t\t\tclass=\"wp-block-uagb-image-gallery uagb-block-ef8dca58     \"\n\t\t\t\t\t\tstyle=\"\"\n\t\t\t\t\t>\n\t\t\t\t\t\t\t\t\t\t\t<div class=\"spectra-image-gallery spectra-image-gallery__layout--masonry spectra-image-gallery__layout--masonry-col-1 spectra-image-gallery__layout--masonry-col-tab-3 spectra-image-gallery__layout--masonry-col-mob-2\">\n\t\t\t\t\t\t\t\t\t\t\t<div class='spectra-image-gallery__media-wrapper--isotope'>\n\t\t\t\t\t\t\t<div class='spectra-image-gallery__media-wrapper' data-spectra-gallery-image-id='5212' tabindex=\"0\">\n\t\t\t\t\t\t\t<div class=\"spectra-image-gallery__media spectra-image-gallery__media--masonry\">\n\t\t\t\t<picture>\n\t\t\t\t\t<source media=\"(min-width: 1024px)\" srcset=\"https:\/\/barriosanmartin.com\/wp-content\/uploads\/2025\/06\/Balliache_Miguel19-681x1024.jpg\">\n\t\t\t\t\t<source media=\"(min-width: 768px)\" srcset=\"https:\/\/barriosanmartin.com\/wp-content\/uploads\/2025\/06\/Balliache_Miguel19-681x1024.jpg\">\n\t\t\t\t\t<img decoding=\"async\" class=\"spectra-image-gallery__media-thumbnail spectra-image-gallery__media-thumbnail--masonry\" src=\"https:\/\/barriosanmartin.com\/wp-content\/uploads\/2025\/06\/Balliache_Miguel19-200x300.jpg\" alt=\"\" loading=\"lazy\" \/>\n\t\t\t\t<\/picture>\n\t\t\t\t<div class=\"spectra-image-gallery__media-thumbnail-blurrer\"><\/div>\n\t\t\t\t\t\t\t\t\t\t\t<div class=\"spectra-image-gallery__media-thumbnail-caption-wrapper spectra-image-gallery__media-thumbnail-caption-wrapper--overlay\"><\/div>\n\t\t\t\t\t\t\t\t<\/div>\n\t\t\t\t\t\t<\/div>\n\t\t\t\t\t\t<\/div>\n\t\t\t\t\t\t\t\t\t\t<\/div>\n\t\t\t\t\t\t\t\t\t\t\t\t\t\t\t\t\t\t<\/div>\n\t\t\t\t\t\t\t\t\t\n\n\n<div style=\"height:40px\" aria-hidden=\"true\" class=\"wp-block-spacer\"><\/div>\n\n\n\n<p id=\"maria-berasarte\">\ud83c\udfa8 <strong>\u201c<a><\/a>#ROOM2046\u201d<\/strong><\/p>\n\n\n\n<p>\ud83d\udc64 <strong>MAR\u00cdA BERASARTE<\/strong><strong><\/strong><\/p>\n\n\n\n<p>\ud83d\udcc4 Txapelaren diseinurako musika jarri nahi izan diot, Mompouren Musica Calladaren obran oinarrituta dagoen nire disko berriko piezetako bat.<\/p>\n\n\n\n<p>Fintasuna erakutsi nahi izan dut, sinpletasuna, lasaitasuna. Edertasunarekin eta xehetasun txikien zaintza asiarrarekin egindako itun hori, niri hainbeste gustatzen zaidana eta nire disko berria inspiratu duena, &#8220;ESTAD\u00cdA&#8221;, Wong Kar-wai zinegile hongkondarrarengan, niretzat nire ibilbidean inpaktua izan dena, istorioak kontatzeko moduetan mahaian emandako kolpea eta xehetasunetan izandako zaintza, betiere pertsonaiak distantzia eta misterio apur batekin babestuz. Arteak hartzailearen imajinarioan espazio bat izan dezan ahalbidetzea, bere magia aktibatzeko.<\/p>\n\n\n\n<p>\ud83d\udcda 1978an jaiotako abeslari donostiarra, &#8220;La Voz Desnuda&#8221; izenez ezaguna. Iberiar musikan espezializatua, bereziki fadoetan, portugaldar musikari nabarmenekin kolaboratu du eta Europa, Asia eta Afrikako eszenatoki garrantzitsuetan aritu da.<\/p>\n\n\n\t\t\t\t\t<div\n\t\t\t\t\t\tclass=\"wp-block-uagb-image-gallery uagb-block-c831aa94     \"\n\t\t\t\t\t\tstyle=\"\"\n\t\t\t\t\t>\n\t\t\t\t\t\t\t\t\t\t\t<div class=\"spectra-image-gallery spectra-image-gallery__layout--masonry spectra-image-gallery__layout--masonry-col-2 spectra-image-gallery__layout--masonry-col-tab-3 spectra-image-gallery__layout--masonry-col-mob-2\">\n\t\t\t\t\t\t\t\t\t\t\t<div class='spectra-image-gallery__media-wrapper--isotope'>\n\t\t\t\t\t\t\t<div class='spectra-image-gallery__media-wrapper' data-spectra-gallery-image-id='5214' tabindex=\"0\">\n\t\t\t\t\t\t\t<div class=\"spectra-image-gallery__media spectra-image-gallery__media--masonry\">\n\t\t\t\t<picture>\n\t\t\t\t\t<source media=\"(min-width: 1024px)\" srcset=\"https:\/\/barriosanmartin.com\/wp-content\/uploads\/2025\/06\/Berasarte_Maria32-scaled.jpg\">\n\t\t\t\t\t<source media=\"(min-width: 768px)\" srcset=\"https:\/\/barriosanmartin.com\/wp-content\/uploads\/2025\/06\/Berasarte_Maria32-681x1024.jpg\">\n\t\t\t\t\t<img decoding=\"async\" class=\"spectra-image-gallery__media-thumbnail spectra-image-gallery__media-thumbnail--masonry\" src=\"https:\/\/barriosanmartin.com\/wp-content\/uploads\/2025\/06\/Berasarte_Maria32-200x300.jpg\" alt=\"\" loading=\"lazy\" \/>\n\t\t\t\t<\/picture>\n\t\t\t\t<div class=\"spectra-image-gallery__media-thumbnail-blurrer\"><\/div>\n\t\t\t\t\t\t\t\t\t\t\t<div class=\"spectra-image-gallery__media-thumbnail-caption-wrapper spectra-image-gallery__media-thumbnail-caption-wrapper--overlay\"><\/div>\n\t\t\t\t\t\t\t\t<\/div>\n\t\t\t\t\t\t<\/div>\n\t\t\t\t\t\t<\/div>\n\t\t\t\t\t\t<div class='spectra-image-gallery__media-wrapper--isotope'>\n\t\t\t\t\t\t\t<div class='spectra-image-gallery__media-wrapper' data-spectra-gallery-image-id='5216' tabindex=\"0\">\n\t\t\t\t\t\t\t<div class=\"spectra-image-gallery__media spectra-image-gallery__media--masonry\">\n\t\t\t\t<picture>\n\t\t\t\t\t<source media=\"(min-width: 1024px)\" srcset=\"https:\/\/barriosanmartin.com\/wp-content\/uploads\/2025\/06\/Berasarte_Maria33-scaled.jpg\">\n\t\t\t\t\t<source media=\"(min-width: 768px)\" srcset=\"https:\/\/barriosanmartin.com\/wp-content\/uploads\/2025\/06\/Berasarte_Maria33-1024x681.jpg\">\n\t\t\t\t\t<img decoding=\"async\" class=\"spectra-image-gallery__media-thumbnail spectra-image-gallery__media-thumbnail--masonry\" src=\"https:\/\/barriosanmartin.com\/wp-content\/uploads\/2025\/06\/Berasarte_Maria33-300x200.jpg\" alt=\"\" loading=\"lazy\" \/>\n\t\t\t\t<\/picture>\n\t\t\t\t<div class=\"spectra-image-gallery__media-thumbnail-blurrer\"><\/div>\n\t\t\t\t\t\t\t\t\t\t\t<div class=\"spectra-image-gallery__media-thumbnail-caption-wrapper spectra-image-gallery__media-thumbnail-caption-wrapper--overlay\"><\/div>\n\t\t\t\t\t\t\t\t<\/div>\n\t\t\t\t\t\t<\/div>\n\t\t\t\t\t\t<\/div>\n\t\t\t\t\t\t\t\t\t\t<\/div>\n\t\t\t\t\t\t\t\t\t\t\t\t\t\t\t\t\t\t<\/div>\n\t\t\t\t\t\t\t\t\t\n\n\n<div style=\"height:40px\" aria-hidden=\"true\" class=\"wp-block-spacer\"><\/div>\n\n\n\n<p id=\"martin-berasategui\">\ud83c\udfa8 \u201c<strong>MART\u00cdN COCINANDO\u201d<\/strong><\/p>\n\n\n\n<p>\ud83d\udc64 <strong>MART\u00cdN BERASATEGUI<\/strong><strong><\/strong><\/p>\n\n\n\n<p>\ud83d\udcc4 Proiektu honek ilusio handia helarazi dit, eta horrek zuntz sentikorrena ukitu dit, sukaldea. Lanbidean 50 urte eman ondoren, nire jatorriaz oroitzen&#8221;.<\/p>\n\n\n\n<p>TXAPELAn, Martinek lapiko bat ikusi zuen, bere burua sukaldean imajinatu zuen, eta, besterik gabe, hura birsortu du. Bere egunerokoa.<\/p>\n\n\n\n<p>\ud83d\udcda Sukaldari donostiarra 1960an jaio zen, eta ibilbide nabarmena egin du gastronomian. Bere ibilbidea Bodeg\u00f3n Alejandro jatetxe familiarrean hasi zuen eta 1993an bere jatetxe propioa ireki zuen Lasarte-Orian. Michelin izar ugari jaso ditu, eta hainbat jatetxe aholkatu ditu Espainian eta atzerrian.<\/p>\n\n\n\t\t\t\t\t<div\n\t\t\t\t\t\tclass=\"wp-block-uagb-image-gallery uagb-block-b006a36e     \"\n\t\t\t\t\t\tstyle=\"\"\n\t\t\t\t\t>\n\t\t\t\t\t\t\t\t\t\t\t<div class=\"spectra-image-gallery spectra-image-gallery__layout--masonry spectra-image-gallery__layout--masonry-col-3 spectra-image-gallery__layout--masonry-col-tab-3 spectra-image-gallery__layout--masonry-col-mob-2\">\n\t\t\t\t\t\t\t\t\t\t\t<div class='spectra-image-gallery__media-wrapper--isotope'>\n\t\t\t\t\t\t\t<div class='spectra-image-gallery__media-wrapper' data-spectra-gallery-image-id='5218' tabindex=\"0\">\n\t\t\t\t\t\t\t<div class=\"spectra-image-gallery__media spectra-image-gallery__media--masonry\">\n\t\t\t\t<picture>\n\t\t\t\t\t<source media=\"(min-width: 1024px)\" srcset=\"https:\/\/barriosanmartin.com\/wp-content\/uploads\/2025\/06\/Berasategui_Martin36-scaled.jpg\">\n\t\t\t\t\t<source media=\"(min-width: 768px)\" srcset=\"https:\/\/barriosanmartin.com\/wp-content\/uploads\/2025\/06\/Berasategui_Martin36-681x1024.jpg\">\n\t\t\t\t\t<img decoding=\"async\" class=\"spectra-image-gallery__media-thumbnail spectra-image-gallery__media-thumbnail--masonry\" src=\"https:\/\/barriosanmartin.com\/wp-content\/uploads\/2025\/06\/Berasategui_Martin36-200x300.jpg\" alt=\"\" loading=\"lazy\" \/>\n\t\t\t\t<\/picture>\n\t\t\t\t<div class=\"spectra-image-gallery__media-thumbnail-blurrer\"><\/div>\n\t\t\t\t\t\t\t\t\t\t\t<div class=\"spectra-image-gallery__media-thumbnail-caption-wrapper spectra-image-gallery__media-thumbnail-caption-wrapper--overlay\"><\/div>\n\t\t\t\t\t\t\t\t<\/div>\n\t\t\t\t\t\t<\/div>\n\t\t\t\t\t\t<\/div>\n\t\t\t\t\t\t<div class='spectra-image-gallery__media-wrapper--isotope'>\n\t\t\t\t\t\t\t<div class='spectra-image-gallery__media-wrapper' data-spectra-gallery-image-id='5220' tabindex=\"0\">\n\t\t\t\t\t\t\t<div class=\"spectra-image-gallery__media spectra-image-gallery__media--masonry\">\n\t\t\t\t<picture>\n\t\t\t\t\t<source media=\"(min-width: 1024px)\" srcset=\"https:\/\/barriosanmartin.com\/wp-content\/uploads\/2025\/06\/Berasategui_Martin37-scaled.jpg\">\n\t\t\t\t\t<source media=\"(min-width: 768px)\" srcset=\"https:\/\/barriosanmartin.com\/wp-content\/uploads\/2025\/06\/Berasategui_Martin37-1024x681.jpg\">\n\t\t\t\t\t<img decoding=\"async\" class=\"spectra-image-gallery__media-thumbnail spectra-image-gallery__media-thumbnail--masonry\" src=\"https:\/\/barriosanmartin.com\/wp-content\/uploads\/2025\/06\/Berasategui_Martin37-300x200.jpg\" alt=\"\" loading=\"lazy\" \/>\n\t\t\t\t<\/picture>\n\t\t\t\t<div class=\"spectra-image-gallery__media-thumbnail-blurrer\"><\/div>\n\t\t\t\t\t\t\t\t\t\t\t<div class=\"spectra-image-gallery__media-thumbnail-caption-wrapper spectra-image-gallery__media-thumbnail-caption-wrapper--overlay\"><\/div>\n\t\t\t\t\t\t\t\t<\/div>\n\t\t\t\t\t\t<\/div>\n\t\t\t\t\t\t<\/div>\n\t\t\t\t\t\t<div class='spectra-image-gallery__media-wrapper--isotope'>\n\t\t\t\t\t\t\t<div class='spectra-image-gallery__media-wrapper' data-spectra-gallery-image-id='5222' tabindex=\"0\">\n\t\t\t\t\t\t\t<div class=\"spectra-image-gallery__media spectra-image-gallery__media--masonry\">\n\t\t\t\t<picture>\n\t\t\t\t\t<source media=\"(min-width: 1024px)\" srcset=\"https:\/\/barriosanmartin.com\/wp-content\/uploads\/2025\/06\/Berasategui_Martin38-scaled.jpg\">\n\t\t\t\t\t<source media=\"(min-width: 768px)\" srcset=\"https:\/\/barriosanmartin.com\/wp-content\/uploads\/2025\/06\/Berasategui_Martin38-681x1024.jpg\">\n\t\t\t\t\t<img decoding=\"async\" class=\"spectra-image-gallery__media-thumbnail spectra-image-gallery__media-thumbnail--masonry\" src=\"https:\/\/barriosanmartin.com\/wp-content\/uploads\/2025\/06\/Berasategui_Martin38-200x300.jpg\" alt=\"\" loading=\"lazy\" \/>\n\t\t\t\t<\/picture>\n\t\t\t\t<div class=\"spectra-image-gallery__media-thumbnail-blurrer\"><\/div>\n\t\t\t\t\t\t\t\t\t\t\t<div class=\"spectra-image-gallery__media-thumbnail-caption-wrapper spectra-image-gallery__media-thumbnail-caption-wrapper--overlay\"><\/div>\n\t\t\t\t\t\t\t\t<\/div>\n\t\t\t\t\t\t<\/div>\n\t\t\t\t\t\t<\/div>\n\t\t\t\t\t\t<div class='spectra-image-gallery__media-wrapper--isotope'>\n\t\t\t\t\t\t\t<div class='spectra-image-gallery__media-wrapper' data-spectra-gallery-image-id='5224' tabindex=\"0\">\n\t\t\t\t\t\t\t<div class=\"spectra-image-gallery__media spectra-image-gallery__media--masonry\">\n\t\t\t\t<picture>\n\t\t\t\t\t<source media=\"(min-width: 1024px)\" srcset=\"https:\/\/barriosanmartin.com\/wp-content\/uploads\/2025\/06\/Berasategui_Martin39-scaled.jpg\">\n\t\t\t\t\t<source media=\"(min-width: 768px)\" srcset=\"https:\/\/barriosanmartin.com\/wp-content\/uploads\/2025\/06\/Berasategui_Martin39-681x1024.jpg\">\n\t\t\t\t\t<img decoding=\"async\" class=\"spectra-image-gallery__media-thumbnail spectra-image-gallery__media-thumbnail--masonry\" src=\"https:\/\/barriosanmartin.com\/wp-content\/uploads\/2025\/06\/Berasategui_Martin39-200x300.jpg\" alt=\"\" loading=\"lazy\" \/>\n\t\t\t\t<\/picture>\n\t\t\t\t<div class=\"spectra-image-gallery__media-thumbnail-blurrer\"><\/div>\n\t\t\t\t\t\t\t\t\t\t\t<div class=\"spectra-image-gallery__media-thumbnail-caption-wrapper spectra-image-gallery__media-thumbnail-caption-wrapper--overlay\"><\/div>\n\t\t\t\t\t\t\t\t<\/div>\n\t\t\t\t\t\t<\/div>\n\t\t\t\t\t\t<\/div>\n\t\t\t\t\t\t\t\t\t\t<\/div>\n\t\t\t\t\t\t\t\t\t\t\t\t\t\t\t\t\t\t<\/div>\n\t\t\t\t\t\t\t\t\t\n\n\n<div style=\"height:40px\" aria-hidden=\"true\" class=\"wp-block-spacer\"><\/div>\n\n\n\n<p id=\"giovanna-bittante\">\ud83c\udfa8 <strong>\u201cTXAPELDUNA\u201d<\/strong><\/p>\n\n\n\n<p>\ud83d\udc64 <strong>GIOVANNA BITTANTE<\/strong><\/p>\n\n\n\n<p>\ud83d\udcc4 TGuztiok gara, lortu nahi dugun lorpen bakoitzean, lortu nahi zer lortuko dugun.&nbsp;<\/p>\n\n\n\n<p>Denak txapeldun erronkaz eta zailtasunez betetako bizitza honetan, baina baita sorpresaz eta zorion uneez ere.&nbsp;<\/p>\n\n\n\n<p>Giovannak Paparrean egindako paparreko txikien bidez, egunkariak, zelulosa eta pinu-kotoi-zuntzezko xaflak; lorpen horiek, bata bestearen atzetik, bizitzaren helburuak osatzen dituzte, hitz batean, irudikatzen gaituena!.<\/p>\n\n\n\n<p>\ud83d\udcda San Don\u00e0 di Piaven (Italia) jaiotako bitxigintza iraunkorreko diseinatzailea. 2006az geroztik, eguneroko erabilerako materialekin ikertzen eta esperimentatzen du, bitxigintzan ohikoak diren material nobleekin nahastuta, bitxi bakarrak eta esklusiboak sortuz. Bi ildotan lan egiten du: diseinu komertzialeko bilduman eta ARTE bilduman, zeinarekin nazioarteko eta bi urtez behingo erakusketetan parte hartzen duen.<\/p>\n\n\n\t\t\t\t\t<div\n\t\t\t\t\t\tclass=\"wp-block-uagb-image-gallery uagb-block-eabad01b     \"\n\t\t\t\t\t\tstyle=\"\"\n\t\t\t\t\t>\n\t\t\t\t\t\t\t\t\t\t\t<div class=\"spectra-image-gallery spectra-image-gallery__layout--masonry spectra-image-gallery__layout--masonry-col-2 spectra-image-gallery__layout--masonry-col-tab-3 spectra-image-gallery__layout--masonry-col-mob-2\">\n\t\t\t\t\t\t\t\t\t\t\t<div class='spectra-image-gallery__media-wrapper--isotope'>\n\t\t\t\t\t\t\t<div class='spectra-image-gallery__media-wrapper' data-spectra-gallery-image-id='5226' tabindex=\"0\">\n\t\t\t\t\t\t\t<div class=\"spectra-image-gallery__media spectra-image-gallery__media--masonry\">\n\t\t\t\t<picture>\n\t\t\t\t\t<source media=\"(min-width: 1024px)\" srcset=\"https:\/\/barriosanmartin.com\/wp-content\/uploads\/2025\/06\/Bittante_Giovanna28-scaled.jpg\">\n\t\t\t\t\t<source media=\"(min-width: 768px)\" srcset=\"https:\/\/barriosanmartin.com\/wp-content\/uploads\/2025\/06\/Bittante_Giovanna28-681x1024.jpg\">\n\t\t\t\t\t<img decoding=\"async\" class=\"spectra-image-gallery__media-thumbnail spectra-image-gallery__media-thumbnail--masonry\" src=\"https:\/\/barriosanmartin.com\/wp-content\/uploads\/2025\/06\/Bittante_Giovanna28-200x300.jpg\" alt=\"\" loading=\"lazy\" \/>\n\t\t\t\t<\/picture>\n\t\t\t\t<div class=\"spectra-image-gallery__media-thumbnail-blurrer\"><\/div>\n\t\t\t\t\t\t\t\t\t\t\t<div class=\"spectra-image-gallery__media-thumbnail-caption-wrapper spectra-image-gallery__media-thumbnail-caption-wrapper--overlay\"><\/div>\n\t\t\t\t\t\t\t\t<\/div>\n\t\t\t\t\t\t<\/div>\n\t\t\t\t\t\t<\/div>\n\t\t\t\t\t\t<div class='spectra-image-gallery__media-wrapper--isotope'>\n\t\t\t\t\t\t\t<div class='spectra-image-gallery__media-wrapper' data-spectra-gallery-image-id='5228' tabindex=\"0\">\n\t\t\t\t\t\t\t<div class=\"spectra-image-gallery__media spectra-image-gallery__media--masonry\">\n\t\t\t\t<picture>\n\t\t\t\t\t<source media=\"(min-width: 1024px)\" srcset=\"https:\/\/barriosanmartin.com\/wp-content\/uploads\/2025\/06\/Bittante_Giovanna29-scaled.jpg\">\n\t\t\t\t\t<source media=\"(min-width: 768px)\" srcset=\"https:\/\/barriosanmartin.com\/wp-content\/uploads\/2025\/06\/Bittante_Giovanna29-1024x681.jpg\">\n\t\t\t\t\t<img decoding=\"async\" class=\"spectra-image-gallery__media-thumbnail spectra-image-gallery__media-thumbnail--masonry\" src=\"https:\/\/barriosanmartin.com\/wp-content\/uploads\/2025\/06\/Bittante_Giovanna29-300x200.jpg\" alt=\"\" loading=\"lazy\" \/>\n\t\t\t\t<\/picture>\n\t\t\t\t<div class=\"spectra-image-gallery__media-thumbnail-blurrer\"><\/div>\n\t\t\t\t\t\t\t\t\t\t\t<div class=\"spectra-image-gallery__media-thumbnail-caption-wrapper spectra-image-gallery__media-thumbnail-caption-wrapper--overlay\"><\/div>\n\t\t\t\t\t\t\t\t<\/div>\n\t\t\t\t\t\t<\/div>\n\t\t\t\t\t\t<\/div>\n\t\t\t\t\t\t\t\t\t\t<\/div>\n\t\t\t\t\t\t\t\t\t\t\t\t\t\t\t\t\t\t<\/div>\n\t\t\t\t\t\t\t\t\t\n\n\n<div style=\"height:40px\" aria-hidden=\"true\" class=\"wp-block-spacer\"><\/div>\n\n\n\n<p id=\"mikel-casal\">\ud83c\udfa8 <strong>\u201cZ\u201d<\/strong><\/p>\n\n\n\n<p>\ud83d\udc64 <strong>MIKEL CASAL<\/strong><\/p>\n\n\n\n<p>\ud83d\udcc4 Nire ilustrazioak mirespenezko keinu bat izan nahi du, txapelaren erabilera femeninoaren alde sofistikatua eta, besterik gabe, dotorea.<\/p>\n\n\n\n<p>\ud83d\udcda1965ean Donostian jaiotako ilustratzailea da. Bertako eta nazioarteko hedabide eta argitaletxe ugaritan lan egiten du. Alemanera eta ingelesera itzulitako liburuak idatzi eta ilustratu ditu, eta 2016ko Euskadi Ilustrazio Saria eman diote.<\/p>\n\n\n\t\t\t\t\t<div\n\t\t\t\t\t\tclass=\"wp-block-uagb-image-gallery uagb-block-4318af39     \"\n\t\t\t\t\t\tstyle=\"\"\n\t\t\t\t\t>\n\t\t\t\t\t\t\t\t\t\t\t<div class=\"spectra-image-gallery spectra-image-gallery__layout--masonry spectra-image-gallery__layout--masonry-col-2 spectra-image-gallery__layout--masonry-col-tab-3 spectra-image-gallery__layout--masonry-col-mob-2\">\n\t\t\t\t\t\t\t\t\t\t\t<div class='spectra-image-gallery__media-wrapper--isotope'>\n\t\t\t\t\t\t\t<div class='spectra-image-gallery__media-wrapper' data-spectra-gallery-image-id='5230' tabindex=\"0\">\n\t\t\t\t\t\t\t<div class=\"spectra-image-gallery__media spectra-image-gallery__media--masonry\">\n\t\t\t\t<picture>\n\t\t\t\t\t<source media=\"(min-width: 1024px)\" srcset=\"https:\/\/barriosanmartin.com\/wp-content\/uploads\/2025\/06\/Casal_Mikel8-scaled.jpg\">\n\t\t\t\t\t<source media=\"(min-width: 768px)\" srcset=\"https:\/\/barriosanmartin.com\/wp-content\/uploads\/2025\/06\/Casal_Mikel8-681x1024.jpg\">\n\t\t\t\t\t<img decoding=\"async\" class=\"spectra-image-gallery__media-thumbnail spectra-image-gallery__media-thumbnail--masonry\" src=\"https:\/\/barriosanmartin.com\/wp-content\/uploads\/2025\/06\/Casal_Mikel8-200x300.jpg\" alt=\"\" loading=\"lazy\" \/>\n\t\t\t\t<\/picture>\n\t\t\t\t<div class=\"spectra-image-gallery__media-thumbnail-blurrer\"><\/div>\n\t\t\t\t\t\t\t\t\t\t\t<div class=\"spectra-image-gallery__media-thumbnail-caption-wrapper spectra-image-gallery__media-thumbnail-caption-wrapper--overlay\"><\/div>\n\t\t\t\t\t\t\t\t<\/div>\n\t\t\t\t\t\t<\/div>\n\t\t\t\t\t\t<\/div>\n\t\t\t\t\t\t<div class='spectra-image-gallery__media-wrapper--isotope'>\n\t\t\t\t\t\t\t<div class='spectra-image-gallery__media-wrapper' data-spectra-gallery-image-id='5232' tabindex=\"0\">\n\t\t\t\t\t\t\t<div class=\"spectra-image-gallery__media spectra-image-gallery__media--masonry\">\n\t\t\t\t<picture>\n\t\t\t\t\t<source media=\"(min-width: 1024px)\" srcset=\"https:\/\/barriosanmartin.com\/wp-content\/uploads\/2025\/06\/Casal_Mikel9-scaled.jpg\">\n\t\t\t\t\t<source media=\"(min-width: 768px)\" srcset=\"https:\/\/barriosanmartin.com\/wp-content\/uploads\/2025\/06\/Casal_Mikel9-681x1024.jpg\">\n\t\t\t\t\t<img decoding=\"async\" class=\"spectra-image-gallery__media-thumbnail spectra-image-gallery__media-thumbnail--masonry\" src=\"https:\/\/barriosanmartin.com\/wp-content\/uploads\/2025\/06\/Casal_Mikel9-200x300.jpg\" alt=\"\" loading=\"lazy\" \/>\n\t\t\t\t<\/picture>\n\t\t\t\t<div class=\"spectra-image-gallery__media-thumbnail-blurrer\"><\/div>\n\t\t\t\t\t\t\t\t\t\t\t<div class=\"spectra-image-gallery__media-thumbnail-caption-wrapper spectra-image-gallery__media-thumbnail-caption-wrapper--overlay\"><\/div>\n\t\t\t\t\t\t\t\t<\/div>\n\t\t\t\t\t\t<\/div>\n\t\t\t\t\t\t<\/div>\n\t\t\t\t\t\t\t\t\t\t<\/div>\n\t\t\t\t\t\t\t\t\t\t\t\t\t\t\t\t\t\t<\/div>\n\t\t\t\t\t\t\t\t\t\n\n\n<div style=\"height:40px\" aria-hidden=\"true\" class=\"wp-block-spacer\"><\/div>\n\n\n\n<p id=\"charo-casteres\">\ud83c\udfa8 <strong>\u201cTXAPELA &#8211; TEJADO\u201d<\/strong><\/p>\n\n\n\n<p>\ud83d\udc64 <strong>CHARO CASTERES<\/strong><\/p>\n\n\n\n<p>\ud83d\udcc4 Hor dago: gure estalkiak babesten gaitu hotzetik, berotik, haizetik, eguzkitik, Zirimiritik&#8230;<\/p>\n\n\n\n<p>Bizi garen etxearen errematea da, gure gorputzarena, gure adimenarena&#8230;<\/p>\n\n\n\n<p>Gure txapela-teilatua iragazgaitza, iraunkorra, erresistentea, isolatzailea, euskarri-egiturarekin eta material nobleekin.<\/p>\n\n\n\n<p>Babestu beharreko lekurik preziatuena, non gure ideiak eta pentsamenduak etortzen diren, hala nola inguruan jirabiraka dabiltzan txoritxoak&#8230; bitxi horiek beren gailurretan dituztela, azaleratzear dauden sentimendu gisa.<\/p>\n\n\n\n<p>\ud83d\udcda 25 urtetik gorako esperientzia duten bitxien diseinatzailea da, eta arkitekturan, naturan eta artean oinarritutako artisau-pieza paregabeak sortzen ditu. Diseinu pertsonalizatuan zentratzen da, material nobleen bidez kontzeptuei eta historiei forma emanez.<\/p>\n\n\n\t\t\t\t\t<div\n\t\t\t\t\t\tclass=\"wp-block-uagb-image-gallery uagb-block-df6d3abd     \"\n\t\t\t\t\t\tstyle=\"\"\n\t\t\t\t\t>\n\t\t\t\t\t\t\t\t\t\t\t<div class=\"spectra-image-gallery spectra-image-gallery__layout--masonry spectra-image-gallery__layout--masonry-col-2 spectra-image-gallery__layout--masonry-col-tab-3 spectra-image-gallery__layout--masonry-col-mob-2\">\n\t\t\t\t\t\t\t\t\t\t\t<div class='spectra-image-gallery__media-wrapper--isotope'>\n\t\t\t\t\t\t\t<div class='spectra-image-gallery__media-wrapper' data-spectra-gallery-image-id='5234' tabindex=\"0\">\n\t\t\t\t\t\t\t<div class=\"spectra-image-gallery__media spectra-image-gallery__media--masonry\">\n\t\t\t\t<picture>\n\t\t\t\t\t<source media=\"(min-width: 1024px)\" srcset=\"https:\/\/barriosanmartin.com\/wp-content\/uploads\/2025\/06\/Casteres_Charo10-scaled.jpg\">\n\t\t\t\t\t<source media=\"(min-width: 768px)\" srcset=\"https:\/\/barriosanmartin.com\/wp-content\/uploads\/2025\/06\/Casteres_Charo10-1024x681.jpg\">\n\t\t\t\t\t<img decoding=\"async\" class=\"spectra-image-gallery__media-thumbnail spectra-image-gallery__media-thumbnail--masonry\" src=\"https:\/\/barriosanmartin.com\/wp-content\/uploads\/2025\/06\/Casteres_Charo10-300x200.jpg\" alt=\"\" loading=\"lazy\" \/>\n\t\t\t\t<\/picture>\n\t\t\t\t<div class=\"spectra-image-gallery__media-thumbnail-blurrer\"><\/div>\n\t\t\t\t\t\t\t\t\t\t\t<div class=\"spectra-image-gallery__media-thumbnail-caption-wrapper spectra-image-gallery__media-thumbnail-caption-wrapper--overlay\"><\/div>\n\t\t\t\t\t\t\t\t<\/div>\n\t\t\t\t\t\t<\/div>\n\t\t\t\t\t\t<\/div>\n\t\t\t\t\t\t<div class='spectra-image-gallery__media-wrapper--isotope'>\n\t\t\t\t\t\t\t<div class='spectra-image-gallery__media-wrapper' data-spectra-gallery-image-id='5236' tabindex=\"0\">\n\t\t\t\t\t\t\t<div class=\"spectra-image-gallery__media spectra-image-gallery__media--masonry\">\n\t\t\t\t<picture>\n\t\t\t\t\t<source media=\"(min-width: 1024px)\" srcset=\"https:\/\/barriosanmartin.com\/wp-content\/uploads\/2025\/06\/Casteres_Charo45-scaled.jpg\">\n\t\t\t\t\t<source media=\"(min-width: 768px)\" srcset=\"https:\/\/barriosanmartin.com\/wp-content\/uploads\/2025\/06\/Casteres_Charo45-1024x681.jpg\">\n\t\t\t\t\t<img decoding=\"async\" class=\"spectra-image-gallery__media-thumbnail spectra-image-gallery__media-thumbnail--masonry\" src=\"https:\/\/barriosanmartin.com\/wp-content\/uploads\/2025\/06\/Casteres_Charo45-300x200.jpg\" alt=\"\" loading=\"lazy\" \/>\n\t\t\t\t<\/picture>\n\t\t\t\t<div class=\"spectra-image-gallery__media-thumbnail-blurrer\"><\/div>\n\t\t\t\t\t\t\t\t\t\t\t<div class=\"spectra-image-gallery__media-thumbnail-caption-wrapper spectra-image-gallery__media-thumbnail-caption-wrapper--overlay\"><\/div>\n\t\t\t\t\t\t\t\t<\/div>\n\t\t\t\t\t\t<\/div>\n\t\t\t\t\t\t<\/div>\n\t\t\t\t\t\t\t\t\t\t<\/div>\n\t\t\t\t\t\t\t\t\t\t\t\t\t\t\t\t\t\t<\/div>\n\t\t\t\t\t\t\t\t\t\n\n\n<div style=\"height:40px\" aria-hidden=\"true\" class=\"wp-block-spacer\"><\/div>\n\n\n\n<p id=\"laura-chamorro\">\ud83c\udfa8 <strong>\u201cCHAPEAU\u201d<\/strong><\/p>\n\n\n\n<p>\ud83d\udc64 <strong>LAURA CHAMORRO<\/strong><\/p>\n\n\n\n<p>\ud83d\udcc4 Txapela horrek, saretua, tradizioa, funtzionaltasuna, sofistikazioa, iraunkortasuna eta estetika minimalistagoa biltzen ditu.<\/p>\n\n\n\n<p>Ilea bilduta edukitzeko pieza da, estilo- eta nortasun-ukitu bat erantsiz multzoari, nazioartean gehien ezagutzen den euskal osagarrietako baten sendotasuna galdu gabe, eta alde batera utzi gabe.<\/p>\n\n\n\n<p>&#8220;Be cool, be chic&#8221;.<\/p>\n\n\n\n<p>\ud83d\udcda Kazetari eta komunikatzaile donostiarra, Humanitate eta Komunikazioan lizentziatua Deustuko Unibertsitatean. 2012tik, Gipuzkoa de Moda zuzentzen du, Euskadin lurraldea hedatzeko plataforma liderra eta 2013tik San Sebasti\u00e1n de Moda Festival-a. 17urte baino gehiago ditu El Diario Vasco-n, eta barrutik bizi izan ditu modaren sektoreko aldaketa guztiak.<\/p>\n\n\n\t\t\t\t\t<div\n\t\t\t\t\t\tclass=\"wp-block-uagb-image-gallery uagb-block-a10c9477     \"\n\t\t\t\t\t\tstyle=\"\"\n\t\t\t\t\t>\n\t\t\t\t\t\t\t\t\t\t\t<div class=\"spectra-image-gallery spectra-image-gallery__layout--masonry spectra-image-gallery__layout--masonry-col-2 spectra-image-gallery__layout--masonry-col-tab-3 spectra-image-gallery__layout--masonry-col-mob-2\">\n\t\t\t\t\t\t\t\t\t\t\t<div class='spectra-image-gallery__media-wrapper--isotope'>\n\t\t\t\t\t\t\t<div class='spectra-image-gallery__media-wrapper' data-spectra-gallery-image-id='5238' tabindex=\"0\">\n\t\t\t\t\t\t\t<div class=\"spectra-image-gallery__media spectra-image-gallery__media--masonry\">\n\t\t\t\t<picture>\n\t\t\t\t\t<source media=\"(min-width: 1024px)\" srcset=\"https:\/\/barriosanmartin.com\/wp-content\/uploads\/2025\/06\/Chamorro_Laura20-scaled.jpg\">\n\t\t\t\t\t<source media=\"(min-width: 768px)\" srcset=\"https:\/\/barriosanmartin.com\/wp-content\/uploads\/2025\/06\/Chamorro_Laura20-1024x681.jpg\">\n\t\t\t\t\t<img decoding=\"async\" class=\"spectra-image-gallery__media-thumbnail spectra-image-gallery__media-thumbnail--masonry\" src=\"https:\/\/barriosanmartin.com\/wp-content\/uploads\/2025\/06\/Chamorro_Laura20-300x200.jpg\" alt=\"\" loading=\"lazy\" \/>\n\t\t\t\t<\/picture>\n\t\t\t\t<div class=\"spectra-image-gallery__media-thumbnail-blurrer\"><\/div>\n\t\t\t\t\t\t\t\t\t\t\t<div class=\"spectra-image-gallery__media-thumbnail-caption-wrapper spectra-image-gallery__media-thumbnail-caption-wrapper--overlay\"><\/div>\n\t\t\t\t\t\t\t\t<\/div>\n\t\t\t\t\t\t<\/div>\n\t\t\t\t\t\t<\/div>\n\t\t\t\t\t\t<div class='spectra-image-gallery__media-wrapper--isotope'>\n\t\t\t\t\t\t\t<div class='spectra-image-gallery__media-wrapper' data-spectra-gallery-image-id='5240' tabindex=\"0\">\n\t\t\t\t\t\t\t<div class=\"spectra-image-gallery__media spectra-image-gallery__media--masonry\">\n\t\t\t\t<picture>\n\t\t\t\t\t<source media=\"(min-width: 1024px)\" srcset=\"https:\/\/barriosanmartin.com\/wp-content\/uploads\/2025\/06\/Chamorro_Laura21-scaled.jpg\">\n\t\t\t\t\t<source media=\"(min-width: 768px)\" srcset=\"https:\/\/barriosanmartin.com\/wp-content\/uploads\/2025\/06\/Chamorro_Laura21-681x1024.jpg\">\n\t\t\t\t\t<img decoding=\"async\" class=\"spectra-image-gallery__media-thumbnail spectra-image-gallery__media-thumbnail--masonry\" src=\"https:\/\/barriosanmartin.com\/wp-content\/uploads\/2025\/06\/Chamorro_Laura21-200x300.jpg\" alt=\"\" loading=\"lazy\" \/>\n\t\t\t\t<\/picture>\n\t\t\t\t<div class=\"spectra-image-gallery__media-thumbnail-blurrer\"><\/div>\n\t\t\t\t\t\t\t\t\t\t\t<div class=\"spectra-image-gallery__media-thumbnail-caption-wrapper spectra-image-gallery__media-thumbnail-caption-wrapper--overlay\"><\/div>\n\t\t\t\t\t\t\t\t<\/div>\n\t\t\t\t\t\t<\/div>\n\t\t\t\t\t\t<\/div>\n\t\t\t\t\t\t\t\t\t\t<\/div>\n\t\t\t\t\t\t\t\t\t\t\t\t\t\t\t\t\t\t<\/div>\n\t\t\t\t\t\t\t\t\t\n\n\n<div style=\"height:40px\" aria-hidden=\"true\" class=\"wp-block-spacer\"><\/div>\n\n\n\n<p id=\"eduardo-chillida\">\ud83c\udfa8 <strong>\u201c<a><\/a>JATORRIA XI\u201d<\/strong><\/p>\n\n\n\n<p>\ud83d\udc64 <strong>EDUARDO CHILLIDA BELZUNCE<\/strong><\/p>\n\n\n\n<p>\ud83d\udcc4 Txapela, Eduardo Chillida Belzuncek TXAPELARTE ekitaldirako margotua, arte garaikidea eta tradizioa uztartzen dituen lana da. CHB ezaguna da formarekin eta espazioarekin jolasteko duen gaitasunagatik, eta txapela zuri-beltzean margotzea aukeratu du. Piezak &#8220;Jatorrien&#8221; esentzia islatzen du, artistaren pintura figuratiboen azpian beti presente dauden forma abstraktuak, bere lanerako oinarri kontzeptual gisa balio duten egiturak. Forma hauek, energiaz eta esanahiz beteak, txapelaren gainazalarekin elkartzen dira, hausnarketara bultzatzen duen elkarrizketa bisual bat sortuz. Tonu monokromatikoen eta forma abstraktuen konbinazioak, euskal kulturari gorazarre egiteaz gain, eguneroko objektu bat artelan paregabe bihurtzen du, tradizioaren eta modernitatearen arteko topaketa ospatuz.<\/p>\n\n\n\n<p>\ud83d\udcda Hondarribian bizi den eskultore ebanista, Eduardo Chillida ospetsuaren semea. Bere lana materiarekin eta eskuzko lanbidearekin oso lotuta dago, eta zura eta burdinaren bidez aztertzen du bolumena, berezko hizkuntza garaikidearekin.<\/p>\n\n\n\t\t\t\t\t<div\n\t\t\t\t\t\tclass=\"wp-block-uagb-image-gallery uagb-block-1cca2d5c     \"\n\t\t\t\t\t\tstyle=\"\"\n\t\t\t\t\t>\n\t\t\t\t\t\t\t\t\t\t\t<div class=\"spectra-image-gallery spectra-image-gallery__layout--masonry spectra-image-gallery__layout--masonry-col-2 spectra-image-gallery__layout--masonry-col-tab-3 spectra-image-gallery__layout--masonry-col-mob-2\">\n\t\t\t\t\t\t\t\t\t\t\t<div class='spectra-image-gallery__media-wrapper--isotope'>\n\t\t\t\t\t\t\t<div class='spectra-image-gallery__media-wrapper' data-spectra-gallery-image-id='5242' tabindex=\"0\">\n\t\t\t\t\t\t\t<div class=\"spectra-image-gallery__media spectra-image-gallery__media--masonry\">\n\t\t\t\t<picture>\n\t\t\t\t\t<source media=\"(min-width: 1024px)\" srcset=\"https:\/\/barriosanmartin.com\/wp-content\/uploads\/2025\/06\/ChillidaB_Eduardo3-scaled.jpg\">\n\t\t\t\t\t<source media=\"(min-width: 768px)\" srcset=\"https:\/\/barriosanmartin.com\/wp-content\/uploads\/2025\/06\/ChillidaB_Eduardo3-681x1024.jpg\">\n\t\t\t\t\t<img decoding=\"async\" class=\"spectra-image-gallery__media-thumbnail spectra-image-gallery__media-thumbnail--masonry\" src=\"https:\/\/barriosanmartin.com\/wp-content\/uploads\/2025\/06\/ChillidaB_Eduardo3-200x300.jpg\" alt=\"\" loading=\"lazy\" \/>\n\t\t\t\t<\/picture>\n\t\t\t\t<div class=\"spectra-image-gallery__media-thumbnail-blurrer\"><\/div>\n\t\t\t\t\t\t\t\t\t\t\t<div class=\"spectra-image-gallery__media-thumbnail-caption-wrapper spectra-image-gallery__media-thumbnail-caption-wrapper--overlay\"><\/div>\n\t\t\t\t\t\t\t\t<\/div>\n\t\t\t\t\t\t<\/div>\n\t\t\t\t\t\t<\/div>\n\t\t\t\t\t\t<div class='spectra-image-gallery__media-wrapper--isotope'>\n\t\t\t\t\t\t\t<div class='spectra-image-gallery__media-wrapper' data-spectra-gallery-image-id='5244' tabindex=\"0\">\n\t\t\t\t\t\t\t<div class=\"spectra-image-gallery__media spectra-image-gallery__media--masonry\">\n\t\t\t\t<picture>\n\t\t\t\t\t<source media=\"(min-width: 1024px)\" srcset=\"https:\/\/barriosanmartin.com\/wp-content\/uploads\/2025\/06\/ChillidaB_Eduardo4-scaled.jpg\">\n\t\t\t\t\t<source media=\"(min-width: 768px)\" srcset=\"https:\/\/barriosanmartin.com\/wp-content\/uploads\/2025\/06\/ChillidaB_Eduardo4-681x1024.jpg\">\n\t\t\t\t\t<img decoding=\"async\" class=\"spectra-image-gallery__media-thumbnail spectra-image-gallery__media-thumbnail--masonry\" src=\"https:\/\/barriosanmartin.com\/wp-content\/uploads\/2025\/06\/ChillidaB_Eduardo4-200x300.jpg\" alt=\"\" loading=\"lazy\" \/>\n\t\t\t\t<\/picture>\n\t\t\t\t<div class=\"spectra-image-gallery__media-thumbnail-blurrer\"><\/div>\n\t\t\t\t\t\t\t\t\t\t\t<div class=\"spectra-image-gallery__media-thumbnail-caption-wrapper spectra-image-gallery__media-thumbnail-caption-wrapper--overlay\"><\/div>\n\t\t\t\t\t\t\t\t<\/div>\n\t\t\t\t\t\t<\/div>\n\t\t\t\t\t\t<\/div>\n\t\t\t\t\t\t\t\t\t\t<\/div>\n\t\t\t\t\t\t\t\t\t\t\t\t\t\t\t\t\t\t<\/div>\n\t\t\t\t\t\t\t\t\t\n\n\n<div style=\"height:40px\" aria-hidden=\"true\" class=\"wp-block-spacer\"><\/div>\n\n\n\n<p id=\"santiago-egurbide\">\ud83c\udfa8 <strong>\u201cKANTAURI\u201d<\/strong><\/p>\n\n\n\n<p>\ud83d\udc64 <strong>SANTIAGO EGURBIDE<\/strong><\/p>\n\n\n\n<p>\ud83d\udcc4 Obra hau sortzeko, Donostian oinarritu naiz. Kantauriko olatuak txapel batean. Donostiatik gehien gustatzen zaidana&#8230;. Pasealeku Berriko edo Haizearen Orraziko olatuak dira. Horregatik birsortu dut txapel paregabe hau sortuz.<\/p>\n\n\n\n<p>\ud83d\udcda Kapelagilea. 2010ean hasi zuen bere ibilbidea, kapelen patroigintzan trebatu ondoren. Hainbat garai eta estilotan inspiratutako kapelen sorkuntzan espezializatua, teknika tradizionalak eta diseinuen ikuspegi garaikidea uztartzen ditu.<\/p>\n\n\n\t\t\t\t\t<div\n\t\t\t\t\t\tclass=\"wp-block-uagb-image-gallery uagb-block-aa9e8ac9     \"\n\t\t\t\t\t\tstyle=\"\"\n\t\t\t\t\t>\n\t\t\t\t\t\t\t\t\t\t\t<div class=\"spectra-image-gallery spectra-image-gallery__layout--masonry spectra-image-gallery__layout--masonry-col-2 spectra-image-gallery__layout--masonry-col-tab-3 spectra-image-gallery__layout--masonry-col-mob-2\">\n\t\t\t\t\t\t\t\t\t\t\t<div class='spectra-image-gallery__media-wrapper--isotope'>\n\t\t\t\t\t\t\t<div class='spectra-image-gallery__media-wrapper' data-spectra-gallery-image-id='5248' tabindex=\"0\">\n\t\t\t\t\t\t\t<div class=\"spectra-image-gallery__media spectra-image-gallery__media--masonry\">\n\t\t\t\t<picture>\n\t\t\t\t\t<source media=\"(min-width: 1024px)\" srcset=\"https:\/\/barriosanmartin.com\/wp-content\/uploads\/2025\/06\/Egurbide_Santiago34-scaled.jpg\">\n\t\t\t\t\t<source media=\"(min-width: 768px)\" srcset=\"https:\/\/barriosanmartin.com\/wp-content\/uploads\/2025\/06\/Egurbide_Santiago34-611x1024.jpg\">\n\t\t\t\t\t<img decoding=\"async\" class=\"spectra-image-gallery__media-thumbnail spectra-image-gallery__media-thumbnail--masonry\" src=\"https:\/\/barriosanmartin.com\/wp-content\/uploads\/2025\/06\/Egurbide_Santiago34-179x300.jpg\" alt=\"\" loading=\"lazy\" \/>\n\t\t\t\t<\/picture>\n\t\t\t\t<div class=\"spectra-image-gallery__media-thumbnail-blurrer\"><\/div>\n\t\t\t\t\t\t\t\t\t\t\t<div class=\"spectra-image-gallery__media-thumbnail-caption-wrapper spectra-image-gallery__media-thumbnail-caption-wrapper--overlay\"><\/div>\n\t\t\t\t\t\t\t\t<\/div>\n\t\t\t\t\t\t<\/div>\n\t\t\t\t\t\t<\/div>\n\t\t\t\t\t\t<div class='spectra-image-gallery__media-wrapper--isotope'>\n\t\t\t\t\t\t\t<div class='spectra-image-gallery__media-wrapper' data-spectra-gallery-image-id='5250' tabindex=\"0\">\n\t\t\t\t\t\t\t<div class=\"spectra-image-gallery__media spectra-image-gallery__media--masonry\">\n\t\t\t\t<picture>\n\t\t\t\t\t<source media=\"(min-width: 1024px)\" srcset=\"https:\/\/barriosanmartin.com\/wp-content\/uploads\/2025\/06\/Egurbide_Santiago35-scaled.jpg\">\n\t\t\t\t\t<source media=\"(min-width: 768px)\" srcset=\"https:\/\/barriosanmartin.com\/wp-content\/uploads\/2025\/06\/Egurbide_Santiago35-1024x681.jpg\">\n\t\t\t\t\t<img decoding=\"async\" class=\"spectra-image-gallery__media-thumbnail spectra-image-gallery__media-thumbnail--masonry\" src=\"https:\/\/barriosanmartin.com\/wp-content\/uploads\/2025\/06\/Egurbide_Santiago35-300x200.jpg\" alt=\"\" loading=\"lazy\" \/>\n\t\t\t\t<\/picture>\n\t\t\t\t<div class=\"spectra-image-gallery__media-thumbnail-blurrer\"><\/div>\n\t\t\t\t\t\t\t\t\t\t\t<div class=\"spectra-image-gallery__media-thumbnail-caption-wrapper spectra-image-gallery__media-thumbnail-caption-wrapper--overlay\"><\/div>\n\t\t\t\t\t\t\t\t<\/div>\n\t\t\t\t\t\t<\/div>\n\t\t\t\t\t\t<\/div>\n\t\t\t\t\t\t\t\t\t\t<\/div>\n\t\t\t\t\t\t\t\t\t\t\t\t\t\t\t\t\t\t<\/div>\n\t\t\t\t\t\t\t\t\t\n\n\n<div style=\"height:40px\" aria-hidden=\"true\" class=\"wp-block-spacer\"><\/div>\n\n\n\n<p id=\"amaia-estanga\">\ud83c\udfa8 <strong>\u201cBIRKOTASUNA: UNA IDENTIDAD ENVOLVENTE\u201d<\/strong><\/p>\n\n\n\n<p>\ud83d\udc64 <strong>AMAIA ESTANGA<\/strong><\/p>\n\n\n\n<p>\ud83d\udcc4 Euskal txapelarekin parte hartzera gonbidatuta, artista bezala sartzen naiz proiektu honetan, barru-barrutik, materia hizkuntza eta aterpe bihurtzen den leku batetik. Pieza hau nire baitan dauden hari ikusezinetatik sortzen da: nire esentzia, nire sustraia, izan nintzena eta naizena, bizi den eta irauten duen sortzetiko hura, lotzen duten hari sotilak. Hortik, hasierako hazi horretatik, irudi bat azaleratzen da, estanpatu bat, ehun-pieza bakar bat, biltzen ez ezik, gogora ekartzen eta laguntzen duena. Txapela, bere sinbolismo guztiarekin, barruan agertzen denarentzako babesleku bihurtzen da hemen, nire unibertso propioa agertzen den espazio batean. Kreazio horrek izakiaren barne-dualtasunaz hitz egiten du, gure atalen arteko elkarrizketaz, batean bi elkarrekin nola bizi diren: ikusgaia eta ikusezina, irauten duena eta eraldatzen dena, forman agertzen den barnekoa. Emaitza pieza bat da, janzteko osagarri bat, moldakorra, pertsonalizagarria eta identitarioa, non pertsona bakoitzak bere zatia, esentzia, nortasuna ikusten eta transmititzen utz dezakeen.<\/p>\n\n\n\n<p>\ud83d\udcda Euskal diseinatzaile eta artista plastikoa. Hainbat diziplina lantzen ditu, moda eta ikusizko arteak barne. Bere lanaren ezaugarri nagusia materialen eta formen esplorazioa da, funtzionaltasuna eta adierazpen artistikoa uztartzen dituzten piezak sortuz.<\/p>\n\n\n\t\t\t\t\t<div\n\t\t\t\t\t\tclass=\"wp-block-uagb-image-gallery uagb-block-0f492d11     \"\n\t\t\t\t\t\tstyle=\"\"\n\t\t\t\t\t>\n\t\t\t\t\t\t\t\t\t\t\t<div class=\"spectra-image-gallery spectra-image-gallery__layout--masonry spectra-image-gallery__layout--masonry-col-2 spectra-image-gallery__layout--masonry-col-tab-3 spectra-image-gallery__layout--masonry-col-mob-2\">\n\t\t\t\t\t\t\t\t\t\t\t<div class='spectra-image-gallery__media-wrapper--isotope'>\n\t\t\t\t\t\t\t<div class='spectra-image-gallery__media-wrapper' data-spectra-gallery-image-id='5252' tabindex=\"0\">\n\t\t\t\t\t\t\t<div class=\"spectra-image-gallery__media spectra-image-gallery__media--masonry\">\n\t\t\t\t<picture>\n\t\t\t\t\t<source media=\"(min-width: 1024px)\" srcset=\"https:\/\/barriosanmartin.com\/wp-content\/uploads\/2025\/06\/Estanga_Amaia7-scaled.jpg\">\n\t\t\t\t\t<source media=\"(min-width: 768px)\" srcset=\"https:\/\/barriosanmartin.com\/wp-content\/uploads\/2025\/06\/Estanga_Amaia7-681x1024.jpg\">\n\t\t\t\t\t<img decoding=\"async\" class=\"spectra-image-gallery__media-thumbnail spectra-image-gallery__media-thumbnail--masonry\" src=\"https:\/\/barriosanmartin.com\/wp-content\/uploads\/2025\/06\/Estanga_Amaia7-200x300.jpg\" alt=\"\" loading=\"lazy\" \/>\n\t\t\t\t<\/picture>\n\t\t\t\t<div class=\"spectra-image-gallery__media-thumbnail-blurrer\"><\/div>\n\t\t\t\t\t\t\t\t\t\t\t<div class=\"spectra-image-gallery__media-thumbnail-caption-wrapper spectra-image-gallery__media-thumbnail-caption-wrapper--overlay\"><\/div>\n\t\t\t\t\t\t\t\t<\/div>\n\t\t\t\t\t\t<\/div>\n\t\t\t\t\t\t<\/div>\n\t\t\t\t\t\t<div class='spectra-image-gallery__media-wrapper--isotope'>\n\t\t\t\t\t\t\t<div class='spectra-image-gallery__media-wrapper' data-spectra-gallery-image-id='5254' tabindex=\"0\">\n\t\t\t\t\t\t\t<div class=\"spectra-image-gallery__media spectra-image-gallery__media--masonry\">\n\t\t\t\t<picture>\n\t\t\t\t\t<source media=\"(min-width: 1024px)\" srcset=\"https:\/\/barriosanmartin.com\/wp-content\/uploads\/2025\/06\/Estanga_Amaia56-scaled.jpg\">\n\t\t\t\t\t<source media=\"(min-width: 768px)\" srcset=\"https:\/\/barriosanmartin.com\/wp-content\/uploads\/2025\/06\/Estanga_Amaia56-1024x681.jpg\">\n\t\t\t\t\t<img decoding=\"async\" class=\"spectra-image-gallery__media-thumbnail spectra-image-gallery__media-thumbnail--masonry\" src=\"https:\/\/barriosanmartin.com\/wp-content\/uploads\/2025\/06\/Estanga_Amaia56-300x200.jpg\" alt=\"\" loading=\"lazy\" \/>\n\t\t\t\t<\/picture>\n\t\t\t\t<div class=\"spectra-image-gallery__media-thumbnail-blurrer\"><\/div>\n\t\t\t\t\t\t\t\t\t\t\t<div class=\"spectra-image-gallery__media-thumbnail-caption-wrapper spectra-image-gallery__media-thumbnail-caption-wrapper--overlay\"><\/div>\n\t\t\t\t\t\t\t\t<\/div>\n\t\t\t\t\t\t<\/div>\n\t\t\t\t\t\t<\/div>\n\t\t\t\t\t\t\t\t\t\t<\/div>\n\t\t\t\t\t\t\t\t\t\t\t\t\t\t\t\t\t\t<\/div>\n\t\t\t\t\t\t\t\t\t\n\n\n<div style=\"height:40px\" aria-hidden=\"true\" class=\"wp-block-spacer\"><\/div>\n\n\n\n<p id=\"oihana-hernaiz\">\ud83c\udfa8 <strong>\u201cENTRE PLUMAS Y TXAPELAS\u201d<\/strong><\/p>\n\n\n\n<p>\ud83d\udc64 <strong>OIHANA HERNAIZ<\/strong><\/p>\n\n\n\n<p>\ud83d\udcc4 Pieza hau Gipuzkoan modaren arrasto ezabaezina utzi duten bi erreferenteren omenaldia da: Elosegui eta Crist\u00f3bal Balenciaga. Lehena, txapelaren munduan artisautza egiten jakitearen ikurra; bigarrena, silueta, dotorezia eta denboraz kanpoko feminitatearen maisua. Biak, gure lurraren izaerari leial: soila, zehatza, isil-isilik ahaltsua.<\/p>\n\n\n\n<p><strong><em>Entre Plumas y Txapelas<\/em><\/strong> nace precisamente de ese cruce. En mi taller, mientras creo tocados de plumas que vuelan hacia la sofisticaci\u00f3n y el espect\u00e1culo, yo misma trabajo con mi txapela puesta. Esa imagen resume todo: la fusi\u00f3n de la tradici\u00f3n y la modernidad, del oficio heredado y la mirada personal.<\/p>\n\n\n\n<p>&#8220;Entre Plumas y Txapelas&#8221; bidegurutze horretatik sortu zen, hain zuzen ere. Nire tailerrean, sofistikaziorantz eta ikuskizunerantz hegan doazen lumazko soinekoak sortzen ditudan bitartean, nik neuk txapela jantzita egiten dut lan. Irudi horrek dena laburbiltzen du: tradizioaren eta modernitatearen fusioa, oinordetzan jasotako lanbidea eta begirada pertsonala.<\/p>\n\n\n\n<p>Pieza honetan sinbolo historikoki maskulino bat \u2014 txapela \u2014 sartu nahi izan dut, lumen arintasun, mugimendu eta poesiarekin. Izan ginenaren eta izango garenaren arteko elkarrizketa ere bada moda. Eta Gipuzkoa \u2014 obra hau bezala \u2014 soila eta biribila izan daitekeelako, baina baita delikatua, askea eta sakonki femeninoa ere.<\/p>\n\n\n\n<p><strong>\ud83d\udcda <\/strong>Donostiako diseinatzailea eta Tocados OHren sortzailea, modako burukoak, pamelak eta osagarriak sortzen espezializatua. Gaztetatik sormen handia erakutsi zuen, eguneroko objektuak pieza paregabe bihurtuz. Bere lana sonbreirugintzaren diseinuaren dotorezia eta originaltasunagatik nabarmentzen da.<\/p>\n\n\n\t\t\t\t\t<div\n\t\t\t\t\t\tclass=\"wp-block-uagb-image-gallery uagb-block-f88ea37f     \"\n\t\t\t\t\t\tstyle=\"\"\n\t\t\t\t\t>\n\t\t\t\t\t\t\t\t\t\t\t<div class=\"spectra-image-gallery spectra-image-gallery__layout--masonry spectra-image-gallery__layout--masonry-col-2 spectra-image-gallery__layout--masonry-col-tab-3 spectra-image-gallery__layout--masonry-col-mob-2\">\n\t\t\t\t\t\t\t\t\t\t\t<div class='spectra-image-gallery__media-wrapper--isotope'>\n\t\t\t\t\t\t\t<div class='spectra-image-gallery__media-wrapper' data-spectra-gallery-image-id='5256' tabindex=\"0\">\n\t\t\t\t\t\t\t<div class=\"spectra-image-gallery__media spectra-image-gallery__media--masonry\">\n\t\t\t\t<picture>\n\t\t\t\t\t<source media=\"(min-width: 1024px)\" srcset=\"https:\/\/barriosanmartin.com\/wp-content\/uploads\/2025\/06\/Hernaiz_Oihana11-scaled.jpg\">\n\t\t\t\t\t<source media=\"(min-width: 768px)\" srcset=\"https:\/\/barriosanmartin.com\/wp-content\/uploads\/2025\/06\/Hernaiz_Oihana11-681x1024.jpg\">\n\t\t\t\t\t<img decoding=\"async\" class=\"spectra-image-gallery__media-thumbnail spectra-image-gallery__media-thumbnail--masonry\" src=\"https:\/\/barriosanmartin.com\/wp-content\/uploads\/2025\/06\/Hernaiz_Oihana11-200x300.jpg\" alt=\"\" loading=\"lazy\" \/>\n\t\t\t\t<\/picture>\n\t\t\t\t<div class=\"spectra-image-gallery__media-thumbnail-blurrer\"><\/div>\n\t\t\t\t\t\t\t\t\t\t\t<div class=\"spectra-image-gallery__media-thumbnail-caption-wrapper spectra-image-gallery__media-thumbnail-caption-wrapper--overlay\"><\/div>\n\t\t\t\t\t\t\t\t<\/div>\n\t\t\t\t\t\t<\/div>\n\t\t\t\t\t\t<\/div>\n\t\t\t\t\t\t<div class='spectra-image-gallery__media-wrapper--isotope'>\n\t\t\t\t\t\t\t<div class='spectra-image-gallery__media-wrapper' data-spectra-gallery-image-id='5258' tabindex=\"0\">\n\t\t\t\t\t\t\t<div class=\"spectra-image-gallery__media spectra-image-gallery__media--masonry\">\n\t\t\t\t<picture>\n\t\t\t\t\t<source media=\"(min-width: 1024px)\" srcset=\"https:\/\/barriosanmartin.com\/wp-content\/uploads\/2025\/06\/Hernaiz_Oihana42-scaled.jpg\">\n\t\t\t\t\t<source media=\"(min-width: 768px)\" srcset=\"https:\/\/barriosanmartin.com\/wp-content\/uploads\/2025\/06\/Hernaiz_Oihana42-1024x681.jpg\">\n\t\t\t\t\t<img decoding=\"async\" class=\"spectra-image-gallery__media-thumbnail spectra-image-gallery__media-thumbnail--masonry\" src=\"https:\/\/barriosanmartin.com\/wp-content\/uploads\/2025\/06\/Hernaiz_Oihana42-300x200.jpg\" alt=\"\" loading=\"lazy\" \/>\n\t\t\t\t<\/picture>\n\t\t\t\t<div class=\"spectra-image-gallery__media-thumbnail-blurrer\"><\/div>\n\t\t\t\t\t\t\t\t\t\t\t<div class=\"spectra-image-gallery__media-thumbnail-caption-wrapper spectra-image-gallery__media-thumbnail-caption-wrapper--overlay\"><\/div>\n\t\t\t\t\t\t\t\t<\/div>\n\t\t\t\t\t\t<\/div>\n\t\t\t\t\t\t<\/div>\n\t\t\t\t\t\t\t\t\t\t<\/div>\n\t\t\t\t\t\t\t\t\t\t\t\t\t\t\t\t\t\t<\/div>\n\t\t\t\t\t\t\t\t\t\n\n\n<div style=\"height:40px\" aria-hidden=\"true\" class=\"wp-block-spacer\"><\/div>\n\n\n\n<p id=\"idoia-lizeaga\">\ud83c\udfa8 <strong>\u201cB \u00c4 B A\u201d<\/strong><\/p>\n\n\n\n<p>\ud83d\udc64 <strong>IDOIA LIZEAGA<\/strong><\/p>\n\n\n\n<p>\ud83d\udcc4 Txapela bordatua babarrun beltz, zuri eta arreekin, harribitxi gisa. Ornithogalum arabicum lore kristalizatuz apainduta dago.<\/p>\n\n\n<style>.kb-image5176_75e9f1-60 .kb-image-has-overlay:after{opacity:0.3;}<\/style>\n<figure class=\"wp-block-kadence-image kb-image5176_75e9f1-60 size-full\"><img loading=\"lazy\" decoding=\"async\" width=\"502\" height=\"267\" src=\"https:\/\/barriosanmartin.com\/wp-content\/uploads\/2025\/06\/baba.png\" alt=\"\" class=\"kb-img wp-image-5162\" srcset=\"https:\/\/barriosanmartin.com\/wp-content\/uploads\/2025\/06\/baba.png 502w, https:\/\/barriosanmartin.com\/wp-content\/uploads\/2025\/06\/baba-300x160.png 300w\" sizes=\"auto, (max-width: 502px) 100vw, 502px\" \/><\/figure>\n\n\n\n<p><strong>\ud83d\udcda <\/strong>Bitxigile eta lore-saltzaile euskalduna, bitxigintza eta lore-elementuak uztartzen dituzten bere sorkuntzengatik ezaguna. Bere lana natura eta artea uztartzen dituzten pieza paregabeen diseinuaren fintasunagatik eta originaltasunagatik nabarmentzen da.<\/p>\n\n\n\t\t\t\t\t<div\n\t\t\t\t\t\tclass=\"wp-block-uagb-image-gallery uagb-block-a897956c     \"\n\t\t\t\t\t\tstyle=\"\"\n\t\t\t\t\t>\n\t\t\t\t\t\t\t\t\t\t\t<div class=\"spectra-image-gallery spectra-image-gallery__layout--masonry spectra-image-gallery__layout--masonry-col-2 spectra-image-gallery__layout--masonry-col-tab-3 spectra-image-gallery__layout--masonry-col-mob-2\">\n\t\t\t\t\t\t\t\t\t\t\t<div class='spectra-image-gallery__media-wrapper--isotope'>\n\t\t\t\t\t\t\t<div class='spectra-image-gallery__media-wrapper' data-spectra-gallery-image-id='5260' tabindex=\"0\">\n\t\t\t\t\t\t\t<div class=\"spectra-image-gallery__media spectra-image-gallery__media--masonry\">\n\t\t\t\t<picture>\n\t\t\t\t\t<source media=\"(min-width: 1024px)\" srcset=\"https:\/\/barriosanmartin.com\/wp-content\/uploads\/2025\/06\/Lizeaga_Idoia16-scaled.jpg\">\n\t\t\t\t\t<source media=\"(min-width: 768px)\" srcset=\"https:\/\/barriosanmartin.com\/wp-content\/uploads\/2025\/06\/Lizeaga_Idoia16-681x1024.jpg\">\n\t\t\t\t\t<img decoding=\"async\" class=\"spectra-image-gallery__media-thumbnail spectra-image-gallery__media-thumbnail--masonry\" src=\"https:\/\/barriosanmartin.com\/wp-content\/uploads\/2025\/06\/Lizeaga_Idoia16-200x300.jpg\" alt=\"\" loading=\"lazy\" \/>\n\t\t\t\t<\/picture>\n\t\t\t\t<div class=\"spectra-image-gallery__media-thumbnail-blurrer\"><\/div>\n\t\t\t\t\t\t\t\t\t\t\t<div class=\"spectra-image-gallery__media-thumbnail-caption-wrapper spectra-image-gallery__media-thumbnail-caption-wrapper--overlay\"><\/div>\n\t\t\t\t\t\t\t\t<\/div>\n\t\t\t\t\t\t<\/div>\n\t\t\t\t\t\t<\/div>\n\t\t\t\t\t\t<div class='spectra-image-gallery__media-wrapper--isotope'>\n\t\t\t\t\t\t\t<div class='spectra-image-gallery__media-wrapper' data-spectra-gallery-image-id='5262' tabindex=\"0\">\n\t\t\t\t\t\t\t<div class=\"spectra-image-gallery__media spectra-image-gallery__media--masonry\">\n\t\t\t\t<picture>\n\t\t\t\t\t<source media=\"(min-width: 1024px)\" srcset=\"https:\/\/barriosanmartin.com\/wp-content\/uploads\/2025\/06\/Lizeaga_Idoia17-scaled.jpg\">\n\t\t\t\t\t<source media=\"(min-width: 768px)\" srcset=\"https:\/\/barriosanmartin.com\/wp-content\/uploads\/2025\/06\/Lizeaga_Idoia17-1024x681.jpg\">\n\t\t\t\t\t<img decoding=\"async\" class=\"spectra-image-gallery__media-thumbnail spectra-image-gallery__media-thumbnail--masonry\" src=\"https:\/\/barriosanmartin.com\/wp-content\/uploads\/2025\/06\/Lizeaga_Idoia17-300x200.jpg\" alt=\"\" loading=\"lazy\" \/>\n\t\t\t\t<\/picture>\n\t\t\t\t<div class=\"spectra-image-gallery__media-thumbnail-blurrer\"><\/div>\n\t\t\t\t\t\t\t\t\t\t\t<div class=\"spectra-image-gallery__media-thumbnail-caption-wrapper spectra-image-gallery__media-thumbnail-caption-wrapper--overlay\"><\/div>\n\t\t\t\t\t\t\t\t<\/div>\n\t\t\t\t\t\t<\/div>\n\t\t\t\t\t\t<\/div>\n\t\t\t\t\t\t\t\t\t\t<\/div>\n\t\t\t\t\t\t\t\t\t\t\t\t\t\t\t\t\t\t<\/div>\n\t\t\t\t\t\t\t\t\t\n\n\n<div style=\"height:40px\" aria-hidden=\"true\" class=\"wp-block-spacer\"><\/div>\n\n\n\n<p id=\"inigo-manterola\">\ud83c\udfa8 <strong>\u201cESBOZANDO UNA IDENTIDAD\u201d<\/strong><\/p>\n\n\n\n<p>\ud83d\udc64 <strong>I\u00d1IGO MANTEROLA<\/strong><\/p>\n\n\n\n<p>\ud83d\udcc4 Boinas El\u00f3segui enpresak 167 urte daramatza produktuaren xehetasun guztiak zaintzen, kalitaterik onena bermatzeko. Bere dedikazio eta lan onari esker, bilatu gabe, gure kulturaren ikono bihurtu da. Tokian-tokian eta gure gizartearen berezko balioetan oinarrituta, hala nola konpromisoan, lanean eta zintzotasunean, mundura zabaltzen jakin du.<\/p>\n\n\n\n<p>&#8220;Identitate bat zirriborratuz&#8221; izeneko omenaldi honek, artearen bidez, bere ibilbidea baloratu nahi du hasieratik, bere hazkunde etapetatik eta bere bide bihurrietatik igaroz, gaur egun enpresa dena ekarri dutenak: mundura irekia dagoen erakundea eta lokaletik abiatuta identitate eta osotasun eredu bat.<\/p>\n\n\n\n<p>\ud83d\udcda1973an jaiotako artista oriotarra, Arte Ederretan lizentziatua Euskal Herriko Unibertsitatean. Bere lana pinturaren eta eskulturaren artean ibili zen, itsasoaren eta itsas tradizioaren eragin handiarekin. 50 lagin baino gehiagotan erakutsi ditu, banaka, eta 20 lagin kolektibotan, estatuan eta nazioartean.<\/p>\n\n\n\t\t\t\t\t<div\n\t\t\t\t\t\tclass=\"wp-block-uagb-image-gallery uagb-block-00908671     \"\n\t\t\t\t\t\tstyle=\"\"\n\t\t\t\t\t>\n\t\t\t\t\t\t\t\t\t\t\t<div class=\"spectra-image-gallery spectra-image-gallery__layout--masonry spectra-image-gallery__layout--masonry-col-2 spectra-image-gallery__layout--masonry-col-tab-3 spectra-image-gallery__layout--masonry-col-mob-2\">\n\t\t\t\t\t\t\t\t\t\t\t<div class='spectra-image-gallery__media-wrapper--isotope'>\n\t\t\t\t\t\t\t<div class='spectra-image-gallery__media-wrapper' data-spectra-gallery-image-id='5266' tabindex=\"0\">\n\t\t\t\t\t\t\t<div class=\"spectra-image-gallery__media spectra-image-gallery__media--masonry\">\n\t\t\t\t<picture>\n\t\t\t\t\t<source media=\"(min-width: 1024px)\" srcset=\"https:\/\/barriosanmartin.com\/wp-content\/uploads\/2025\/06\/Manterola_Inigo26-scaled.jpg\">\n\t\t\t\t\t<source media=\"(min-width: 768px)\" srcset=\"https:\/\/barriosanmartin.com\/wp-content\/uploads\/2025\/06\/Manterola_Inigo26-681x1024.jpg\">\n\t\t\t\t\t<img decoding=\"async\" class=\"spectra-image-gallery__media-thumbnail spectra-image-gallery__media-thumbnail--masonry\" src=\"https:\/\/barriosanmartin.com\/wp-content\/uploads\/2025\/06\/Manterola_Inigo26-200x300.jpg\" alt=\"\" loading=\"lazy\" \/>\n\t\t\t\t<\/picture>\n\t\t\t\t<div class=\"spectra-image-gallery__media-thumbnail-blurrer\"><\/div>\n\t\t\t\t\t\t\t\t\t\t\t<div class=\"spectra-image-gallery__media-thumbnail-caption-wrapper spectra-image-gallery__media-thumbnail-caption-wrapper--overlay\"><\/div>\n\t\t\t\t\t\t\t\t<\/div>\n\t\t\t\t\t\t<\/div>\n\t\t\t\t\t\t<\/div>\n\t\t\t\t\t\t<div class='spectra-image-gallery__media-wrapper--isotope'>\n\t\t\t\t\t\t\t<div class='spectra-image-gallery__media-wrapper' data-spectra-gallery-image-id='5268' tabindex=\"0\">\n\t\t\t\t\t\t\t<div class=\"spectra-image-gallery__media spectra-image-gallery__media--masonry\">\n\t\t\t\t<picture>\n\t\t\t\t\t<source media=\"(min-width: 1024px)\" srcset=\"https:\/\/barriosanmartin.com\/wp-content\/uploads\/2025\/06\/Manterola_Inigo27-scaled.jpg\">\n\t\t\t\t\t<source media=\"(min-width: 768px)\" srcset=\"https:\/\/barriosanmartin.com\/wp-content\/uploads\/2025\/06\/Manterola_Inigo27-1024x681.jpg\">\n\t\t\t\t\t<img decoding=\"async\" class=\"spectra-image-gallery__media-thumbnail spectra-image-gallery__media-thumbnail--masonry\" src=\"https:\/\/barriosanmartin.com\/wp-content\/uploads\/2025\/06\/Manterola_Inigo27-300x200.jpg\" alt=\"\" loading=\"lazy\" \/>\n\t\t\t\t<\/picture>\n\t\t\t\t<div class=\"spectra-image-gallery__media-thumbnail-blurrer\"><\/div>\n\t\t\t\t\t\t\t\t\t\t\t<div class=\"spectra-image-gallery__media-thumbnail-caption-wrapper spectra-image-gallery__media-thumbnail-caption-wrapper--overlay\"><\/div>\n\t\t\t\t\t\t\t\t<\/div>\n\t\t\t\t\t\t<\/div>\n\t\t\t\t\t\t<\/div>\n\t\t\t\t\t\t\t\t\t\t<\/div>\n\t\t\t\t\t\t\t\t\t\t\t\t\t\t\t\t\t\t<\/div>\n\t\t\t\t\t\t\t\t\t\n\n\n<div style=\"height:40px\" aria-hidden=\"true\" class=\"wp-block-spacer\"><\/div>\n\n\n\n<p id=\"jon-martin-benat-krolem\">\ud83c\udfa8 <strong>\u201cOINA \/ ESKUA\u201d<\/strong><\/p>\n\n\n\n<p>\ud83d\udc64 <strong>JON MARTIN &amp; BE\u00d1AT KROLEM<\/strong><\/p>\n\n\n\n<p>\ud83d\udcc4 Be\u00f1at Krolem artistak eta Jon Martin bertsolariak txapelaren aukera estetiko eta formalekin esperimentatu dute. Objektu horrek konnotazio sinboliko sendoak ditu bertsolaritzari eta euskal kulturari dagokienez; kasu honetan, material moldagarri eta esperimentagarri bihurtu dute. Martinek errimatzen duten hitz multzo bat proposatu du (\u00aboinak\u00bb) eta Krolemek hitz horietatik abiatuta txapela manipulatu du mugimendu ez-suntsitzaile eta bihurdura itzulgarri batzuk artikulatzeko (\u00abeskua\u00bb). Erakusketan, txapelaren aldaera objetual batez gain, aurretik eragin diren aldaketa batzuk dokumentatzen dituzten argazkiak ere daude ikusgai.<\/p>\n\n\n\n<p>\ud83d\udcda Jon Martin. 1981ean Oiartzunen jaiotako bertsolari, idazle eta abeslaria. Publizitatean eta Harreman Publikoetan lizentziatua, Gipuzkoako Txapelketan txapeldunorde izan da eta bertsolaritzarekin eta literaturarekin lotutako hainbat jardueratan parte hartu du.<\/p>\n\n\n\n<p>Be\u00f1at Krolem. Euskal Herrian jaiotako diziplina anitzeko artista. Ilustrazioa, diseinua eta ekintza artistikoa uztartzen ditu sentiberatasun garaikide nabarmenarekin. Artea gizarte-hausnarketarako tresna bihurtzen den kultura-proiektu askotan parte hartu du.<\/p>\n\n\n\t\t\t\t\t<div\n\t\t\t\t\t\tclass=\"wp-block-uagb-image-gallery uagb-block-6725bf7a     \"\n\t\t\t\t\t\tstyle=\"\"\n\t\t\t\t\t>\n\t\t\t\t\t\t\t\t\t\t\t<div class=\"spectra-image-gallery spectra-image-gallery__layout--masonry spectra-image-gallery__layout--masonry-col-3 spectra-image-gallery__layout--masonry-col-tab-3 spectra-image-gallery__layout--masonry-col-mob-2\">\n\t\t\t\t\t\t\t\t\t\t\t<div class='spectra-image-gallery__media-wrapper--isotope'>\n\t\t\t\t\t\t\t<div class='spectra-image-gallery__media-wrapper' data-spectra-gallery-image-id='5270' tabindex=\"0\">\n\t\t\t\t\t\t\t<div class=\"spectra-image-gallery__media spectra-image-gallery__media--masonry\">\n\t\t\t\t<picture>\n\t\t\t\t\t<source media=\"(min-width: 1024px)\" srcset=\"https:\/\/barriosanmartin.com\/wp-content\/uploads\/2025\/06\/Martin_Krolem48-scaled.jpg\">\n\t\t\t\t\t<source media=\"(min-width: 768px)\" srcset=\"https:\/\/barriosanmartin.com\/wp-content\/uploads\/2025\/06\/Martin_Krolem48-681x1024.jpg\">\n\t\t\t\t\t<img decoding=\"async\" class=\"spectra-image-gallery__media-thumbnail spectra-image-gallery__media-thumbnail--masonry\" src=\"https:\/\/barriosanmartin.com\/wp-content\/uploads\/2025\/06\/Martin_Krolem48-200x300.jpg\" alt=\"\" loading=\"lazy\" \/>\n\t\t\t\t<\/picture>\n\t\t\t\t<div class=\"spectra-image-gallery__media-thumbnail-blurrer\"><\/div>\n\t\t\t\t\t\t\t\t\t\t\t<div class=\"spectra-image-gallery__media-thumbnail-caption-wrapper spectra-image-gallery__media-thumbnail-caption-wrapper--overlay\"><\/div>\n\t\t\t\t\t\t\t\t<\/div>\n\t\t\t\t\t\t<\/div>\n\t\t\t\t\t\t<\/div>\n\t\t\t\t\t\t<div class='spectra-image-gallery__media-wrapper--isotope'>\n\t\t\t\t\t\t\t<div class='spectra-image-gallery__media-wrapper' data-spectra-gallery-image-id='5272' tabindex=\"0\">\n\t\t\t\t\t\t\t<div class=\"spectra-image-gallery__media spectra-image-gallery__media--masonry\">\n\t\t\t\t<picture>\n\t\t\t\t\t<source media=\"(min-width: 1024px)\" srcset=\"https:\/\/barriosanmartin.com\/wp-content\/uploads\/2025\/06\/Martin_Krolem49-scaled.jpg\">\n\t\t\t\t\t<source media=\"(min-width: 768px)\" srcset=\"https:\/\/barriosanmartin.com\/wp-content\/uploads\/2025\/06\/Martin_Krolem49-1024x681.jpg\">\n\t\t\t\t\t<img decoding=\"async\" class=\"spectra-image-gallery__media-thumbnail spectra-image-gallery__media-thumbnail--masonry\" src=\"https:\/\/barriosanmartin.com\/wp-content\/uploads\/2025\/06\/Martin_Krolem49-300x200.jpg\" alt=\"\" loading=\"lazy\" \/>\n\t\t\t\t<\/picture>\n\t\t\t\t<div class=\"spectra-image-gallery__media-thumbnail-blurrer\"><\/div>\n\t\t\t\t\t\t\t\t\t\t\t<div class=\"spectra-image-gallery__media-thumbnail-caption-wrapper spectra-image-gallery__media-thumbnail-caption-wrapper--overlay\"><\/div>\n\t\t\t\t\t\t\t\t<\/div>\n\t\t\t\t\t\t<\/div>\n\t\t\t\t\t\t<\/div>\n\t\t\t\t\t\t<div class='spectra-image-gallery__media-wrapper--isotope'>\n\t\t\t\t\t\t\t<div class='spectra-image-gallery__media-wrapper' data-spectra-gallery-image-id='5274' tabindex=\"0\">\n\t\t\t\t\t\t\t<div class=\"spectra-image-gallery__media spectra-image-gallery__media--masonry\">\n\t\t\t\t<picture>\n\t\t\t\t\t<source media=\"(min-width: 1024px)\" srcset=\"https:\/\/barriosanmartin.com\/wp-content\/uploads\/2025\/06\/Martin_Krolem50-scaled.jpg\">\n\t\t\t\t\t<source media=\"(min-width: 768px)\" srcset=\"https:\/\/barriosanmartin.com\/wp-content\/uploads\/2025\/06\/Martin_Krolem50-681x1024.jpg\">\n\t\t\t\t\t<img decoding=\"async\" class=\"spectra-image-gallery__media-thumbnail spectra-image-gallery__media-thumbnail--masonry\" src=\"https:\/\/barriosanmartin.com\/wp-content\/uploads\/2025\/06\/Martin_Krolem50-200x300.jpg\" alt=\"\" loading=\"lazy\" \/>\n\t\t\t\t<\/picture>\n\t\t\t\t<div class=\"spectra-image-gallery__media-thumbnail-blurrer\"><\/div>\n\t\t\t\t\t\t\t\t\t\t\t<div class=\"spectra-image-gallery__media-thumbnail-caption-wrapper spectra-image-gallery__media-thumbnail-caption-wrapper--overlay\"><\/div>\n\t\t\t\t\t\t\t\t<\/div>\n\t\t\t\t\t\t<\/div>\n\t\t\t\t\t\t<\/div>\n\t\t\t\t\t\t\t\t\t\t<\/div>\n\t\t\t\t\t\t\t\t\t\t\t\t\t\t\t\t\t\t<\/div>\n\t\t\t\t\t\t\t\t\t\n\n\n<div style=\"height:40px\" aria-hidden=\"true\" class=\"wp-block-spacer\"><\/div>\n\n\n\n<p id=\"real-sociedad\">\ud83c\udfa8 <strong>\u201cEL EQUIPO TXURI-URDIN\u201d<\/strong><\/p>\n\n\n\n<p>\ud83d\udc64 <strong>REAL SOCIEDAD<\/strong><\/p>\n\n\n\n<p>\ud83d\udcc4 <a><\/a><em>\u00a1Txapeldunak txapeldunak oe oe oe\u2026.!<\/em><\/p>\n\n\n\n<p>Realeko jokalariek sinatutako txapel hau, TXAPELDUNES sentiarazi gaituen klub honen parte izan ziren, diren eta izango diren guztiei egindako omenaldia da.<\/p>\n\n\n\n<p>\ud83d\udcda Donostiako futbol taldea, 1909an sortua. Harrobiagatik eta tokiko talentuarekiko konpromisoagatik da ezaguna, eta erreferente izan da Espainiako futbolean. Bere futbolariek eskualdean kirola garatzen lagundu dute eta Realaren izena nazioko eta nazioarteko lehiaketetara eraman dute.<\/p>\n\n\n\t\t\t\t\t<div\n\t\t\t\t\t\tclass=\"wp-block-uagb-image-gallery uagb-block-38c135d2     \"\n\t\t\t\t\t\tstyle=\"\"\n\t\t\t\t\t>\n\t\t\t\t\t\t\t\t\t\t\t<div class=\"spectra-image-gallery spectra-image-gallery__layout--masonry spectra-image-gallery__layout--masonry-col-2 spectra-image-gallery__layout--masonry-col-tab-3 spectra-image-gallery__layout--masonry-col-mob-2\">\n\t\t\t\t\t\t\t\t\t\t\t<div class='spectra-image-gallery__media-wrapper--isotope'>\n\t\t\t\t\t\t\t<div class='spectra-image-gallery__media-wrapper' data-spectra-gallery-image-id='5277' tabindex=\"0\">\n\t\t\t\t\t\t\t<div class=\"spectra-image-gallery__media spectra-image-gallery__media--masonry\">\n\t\t\t\t<picture>\n\t\t\t\t\t<source media=\"(min-width: 1024px)\" srcset=\"https:\/\/barriosanmartin.com\/wp-content\/uploads\/2025\/06\/Real_Sociedad18-scaled.jpg\">\n\t\t\t\t\t<source media=\"(min-width: 768px)\" srcset=\"https:\/\/barriosanmartin.com\/wp-content\/uploads\/2025\/06\/Real_Sociedad18-681x1024.jpg\">\n\t\t\t\t\t<img decoding=\"async\" class=\"spectra-image-gallery__media-thumbnail spectra-image-gallery__media-thumbnail--masonry\" src=\"https:\/\/barriosanmartin.com\/wp-content\/uploads\/2025\/06\/Real_Sociedad18-200x300.jpg\" alt=\"\" loading=\"lazy\" \/>\n\t\t\t\t<\/picture>\n\t\t\t\t<div class=\"spectra-image-gallery__media-thumbnail-blurrer\"><\/div>\n\t\t\t\t\t\t\t\t\t\t\t<div class=\"spectra-image-gallery__media-thumbnail-caption-wrapper spectra-image-gallery__media-thumbnail-caption-wrapper--overlay\"><\/div>\n\t\t\t\t\t\t\t\t<\/div>\n\t\t\t\t\t\t<\/div>\n\t\t\t\t\t\t<\/div>\n\t\t\t\t\t\t<div class='spectra-image-gallery__media-wrapper--isotope'>\n\t\t\t\t\t\t\t<div class='spectra-image-gallery__media-wrapper' data-spectra-gallery-image-id='5320' tabindex=\"0\">\n\t\t\t\t\t\t\t<div class=\"spectra-image-gallery__media spectra-image-gallery__media--masonry\">\n\t\t\t\t<picture>\n\t\t\t\t\t<source media=\"(min-width: 1024px)\" srcset=\"https:\/\/barriosanmartin.com\/wp-content\/uploads\/2025\/06\/Real-Sociedad-interior-txapela.jpeg\">\n\t\t\t\t\t<source media=\"(min-width: 768px)\" srcset=\"https:\/\/barriosanmartin.com\/wp-content\/uploads\/2025\/06\/Real-Sociedad-interior-txapela-768x1024.jpeg\">\n\t\t\t\t\t<img decoding=\"async\" class=\"spectra-image-gallery__media-thumbnail spectra-image-gallery__media-thumbnail--masonry\" src=\"https:\/\/barriosanmartin.com\/wp-content\/uploads\/2025\/06\/Real-Sociedad-interior-txapela-225x300.jpeg\" alt=\"\" loading=\"lazy\" \/>\n\t\t\t\t<\/picture>\n\t\t\t\t<div class=\"spectra-image-gallery__media-thumbnail-blurrer\"><\/div>\n\t\t\t\t\t\t\t\t\t\t\t<div class=\"spectra-image-gallery__media-thumbnail-caption-wrapper spectra-image-gallery__media-thumbnail-caption-wrapper--overlay\"><\/div>\n\t\t\t\t\t\t\t\t<\/div>\n\t\t\t\t\t\t<\/div>\n\t\t\t\t\t\t<\/div>\n\t\t\t\t\t\t\t\t\t\t<\/div>\n\t\t\t\t\t\t\t\t\t\t\t\t\t\t\t\t\t\t<\/div>\n\t\t\t\t\t\t\t\t\t\n\n\n<div style=\"height:40px\" aria-hidden=\"true\" class=\"wp-block-spacer\"><\/div>\n\n\n\n<p id=\"alex-ubago\">\ud83c\udfa8 <strong>\u201cGALERNA\u201d<\/strong><\/p>\n\n\n\n<p>\ud83d\udc64 <strong>ALEX UBAGO<\/strong><\/p>\n\n\n\n<p>\ud83d\udcc4 Alex Ubagok &#8216;Galerna&#8217; disko berria. Aro berri bat artistarentzat, non soinu desberdinekin esperimentatzera ausartu den eta non abestien potentziala ahalik eta gehien estutu duen.<\/p>\n\n\n\n<p>\ud83d\udcda 1981ean jaiotako kantautore donostiarra, balada erromantikoengatik eta ahots melodikoagatik ezaguna. 2001ean debutatu zuenetik, hainbat album arrakastatsu atera ditu, eta nazioarteko artistekin kolaboratu du. Gaztelaniazko poparen ahots ezagunenetako bat da.<\/p>\n\n\n\t\t\t\t\t<div\n\t\t\t\t\t\tclass=\"wp-block-uagb-image-gallery uagb-block-f461e2ca     \"\n\t\t\t\t\t\tstyle=\"\"\n\t\t\t\t\t>\n\t\t\t\t\t\t\t\t\t\t\t<div class=\"spectra-image-gallery spectra-image-gallery__layout--masonry spectra-image-gallery__layout--masonry-col-2 spectra-image-gallery__layout--masonry-col-tab-3 spectra-image-gallery__layout--masonry-col-mob-2\">\n\t\t\t\t\t\t\t\t\t\t\t<div class='spectra-image-gallery__media-wrapper--isotope'>\n\t\t\t\t\t\t\t<div class='spectra-image-gallery__media-wrapper' data-spectra-gallery-image-id='5280' tabindex=\"0\">\n\t\t\t\t\t\t\t<div class=\"spectra-image-gallery__media spectra-image-gallery__media--masonry\">\n\t\t\t\t<picture>\n\t\t\t\t\t<source media=\"(min-width: 1024px)\" srcset=\"https:\/\/barriosanmartin.com\/wp-content\/uploads\/2025\/06\/Ubago_Alex22-scaled.jpg\">\n\t\t\t\t\t<source media=\"(min-width: 768px)\" srcset=\"https:\/\/barriosanmartin.com\/wp-content\/uploads\/2025\/06\/Ubago_Alex22-681x1024.jpg\">\n\t\t\t\t\t<img decoding=\"async\" class=\"spectra-image-gallery__media-thumbnail spectra-image-gallery__media-thumbnail--masonry\" src=\"https:\/\/barriosanmartin.com\/wp-content\/uploads\/2025\/06\/Ubago_Alex22-200x300.jpg\" alt=\"\" loading=\"lazy\" \/>\n\t\t\t\t<\/picture>\n\t\t\t\t<div class=\"spectra-image-gallery__media-thumbnail-blurrer\"><\/div>\n\t\t\t\t\t\t\t\t\t\t\t<div class=\"spectra-image-gallery__media-thumbnail-caption-wrapper spectra-image-gallery__media-thumbnail-caption-wrapper--overlay\"><\/div>\n\t\t\t\t\t\t\t\t<\/div>\n\t\t\t\t\t\t<\/div>\n\t\t\t\t\t\t<\/div>\n\t\t\t\t\t\t<div class='spectra-image-gallery__media-wrapper--isotope'>\n\t\t\t\t\t\t\t<div class='spectra-image-gallery__media-wrapper' data-spectra-gallery-image-id='5282' tabindex=\"0\">\n\t\t\t\t\t\t\t<div class=\"spectra-image-gallery__media spectra-image-gallery__media--masonry\">\n\t\t\t\t<picture>\n\t\t\t\t\t<source media=\"(min-width: 1024px)\" srcset=\"https:\/\/barriosanmartin.com\/wp-content\/uploads\/2025\/06\/Ubago_Alex23-scaled.jpg\">\n\t\t\t\t\t<source media=\"(min-width: 768px)\" srcset=\"https:\/\/barriosanmartin.com\/wp-content\/uploads\/2025\/06\/Ubago_Alex23-1024x681.jpg\">\n\t\t\t\t\t<img decoding=\"async\" class=\"spectra-image-gallery__media-thumbnail spectra-image-gallery__media-thumbnail--masonry\" src=\"https:\/\/barriosanmartin.com\/wp-content\/uploads\/2025\/06\/Ubago_Alex23-300x200.jpg\" alt=\"\" loading=\"lazy\" \/>\n\t\t\t\t<\/picture>\n\t\t\t\t<div class=\"spectra-image-gallery__media-thumbnail-blurrer\"><\/div>\n\t\t\t\t\t\t\t\t\t\t\t<div class=\"spectra-image-gallery__media-thumbnail-caption-wrapper spectra-image-gallery__media-thumbnail-caption-wrapper--overlay\"><\/div>\n\t\t\t\t\t\t\t\t<\/div>\n\t\t\t\t\t\t<\/div>\n\t\t\t\t\t\t<\/div>\n\t\t\t\t\t\t\t\t\t\t<\/div>\n\t\t\t\t\t\t\t\t\t\t\t\t\t\t\t\t\t\t<\/div>\n\t\t\t\t\t\t\t\t\t\n\n\n<div style=\"height:40px\" aria-hidden=\"true\" class=\"wp-block-spacer\"><\/div>\n\n\n\n<p id=\"isabel-zapardiez\">\ud83c\udfa8 <strong>\u201cMEMORIA BORDADA\u201d<\/strong><\/p>\n\n\n\n<p>\ud83d\udc64 <strong>ISABEL ZAPARDIEZ<\/strong><\/p>\n\n\n\n<p>\ud83d\udcc4 Istorioak diren hariak. Emakumeak diren harriak, argia eta oroimena.<\/p>\n\n\n\n<p>Erortzen den hari bakoitzak kontakizun bat gordetzen du. Kristal brodatu bakoitza, indar txinparta bat. Txapela hau ez da pausatzen: besarkatu, babestu, ohoratu.<\/p>\n\n\n\n<p>Goi joskintzako keinu batez, itzalean borrokatzen eta distiratzen duten guztiei omenaldia egiten die.<\/p>\n\n\n\n<p>Boinas El\u00f3seguiren bikaintasun-zigiluarekin eskuz egina, 60 cm-ko diametroa duen pieza honek bere forma gainditzen du: armarria eta sinboloa da.<\/p>\n\n\n\n<p>Isabel Zapardiezek esku hartu zuen, eta memoria, feminitatea eta itxaropena harilkatzen dituen obra bihurtu zen.<\/p>\n\n\n\n<p>Burua estali beharrean, arima biltzen duen ehun-artea.<\/p>\n\n\n\n<p>\ud83d\udcda Donostian bizi den goi-mailako joskintzako diseinatzaile erreferentea da. Pr\u00eat-\u00e0-porter munduan hasi zen eta 2002an bere izenpeko marka sortu zuen. Donostia eta Iru\u00f1eko tailerretan, esklusibotasuna, dotorezia eta eskuz egindako lan fina uztartzen dituzten piezak sortzen ditu. Bere unibertso sortzailea emakume bakoitzaren esentzia islatzen duten diseinu berezi, sofistikatu eta pertsonaletan oinarritzen da.<\/p>\n\n\n\t\t\t\t\t<div\n\t\t\t\t\t\tclass=\"wp-block-uagb-image-gallery uagb-block-d69df520     \"\n\t\t\t\t\t\tstyle=\"\"\n\t\t\t\t\t>\n\t\t\t\t\t\t\t\t\t\t\t<div class=\"spectra-image-gallery spectra-image-gallery__layout--masonry spectra-image-gallery__layout--masonry-col-2 spectra-image-gallery__layout--masonry-col-tab-3 spectra-image-gallery__layout--masonry-col-mob-2\">\n\t\t\t\t\t\t\t\t\t\t\t<div class='spectra-image-gallery__media-wrapper--isotope'>\n\t\t\t\t\t\t\t<div class='spectra-image-gallery__media-wrapper' data-spectra-gallery-image-id='5284' tabindex=\"0\">\n\t\t\t\t\t\t\t<div class=\"spectra-image-gallery__media spectra-image-gallery__media--masonry\">\n\t\t\t\t<picture>\n\t\t\t\t\t<source media=\"(min-width: 1024px)\" srcset=\"https:\/\/barriosanmartin.com\/wp-content\/uploads\/2025\/06\/Zapardiez_Isabel133-scaled.jpg\">\n\t\t\t\t\t<source media=\"(min-width: 768px)\" srcset=\"https:\/\/barriosanmartin.com\/wp-content\/uploads\/2025\/06\/Zapardiez_Isabel133-681x1024.jpg\">\n\t\t\t\t\t<img decoding=\"async\" class=\"spectra-image-gallery__media-thumbnail spectra-image-gallery__media-thumbnail--masonry\" src=\"https:\/\/barriosanmartin.com\/wp-content\/uploads\/2025\/06\/Zapardiez_Isabel133-200x300.jpg\" alt=\"\" loading=\"lazy\" \/>\n\t\t\t\t<\/picture>\n\t\t\t\t<div class=\"spectra-image-gallery__media-thumbnail-blurrer\"><\/div>\n\t\t\t\t\t\t\t\t\t\t\t<div class=\"spectra-image-gallery__media-thumbnail-caption-wrapper spectra-image-gallery__media-thumbnail-caption-wrapper--overlay\"><\/div>\n\t\t\t\t\t\t\t\t<\/div>\n\t\t\t\t\t\t<\/div>\n\t\t\t\t\t\t<\/div>\n\t\t\t\t\t\t<div class='spectra-image-gallery__media-wrapper--isotope'>\n\t\t\t\t\t\t\t<div class='spectra-image-gallery__media-wrapper' data-spectra-gallery-image-id='5286' tabindex=\"0\">\n\t\t\t\t\t\t\t<div class=\"spectra-image-gallery__media spectra-image-gallery__media--masonry\">\n\t\t\t\t<picture>\n\t\t\t\t\t<source media=\"(min-width: 1024px)\" srcset=\"https:\/\/barriosanmartin.com\/wp-content\/uploads\/2025\/06\/Zapardiez_Isabel134-scaled.jpg\">\n\t\t\t\t\t<source media=\"(min-width: 768px)\" srcset=\"https:\/\/barriosanmartin.com\/wp-content\/uploads\/2025\/06\/Zapardiez_Isabel134-681x1024.jpg\">\n\t\t\t\t\t<img decoding=\"async\" class=\"spectra-image-gallery__media-thumbnail spectra-image-gallery__media-thumbnail--masonry\" src=\"https:\/\/barriosanmartin.com\/wp-content\/uploads\/2025\/06\/Zapardiez_Isabel134-200x300.jpg\" alt=\"\" loading=\"lazy\" \/>\n\t\t\t\t<\/picture>\n\t\t\t\t<div class=\"spectra-image-gallery__media-thumbnail-blurrer\"><\/div>\n\t\t\t\t\t\t\t\t\t\t\t<div class=\"spectra-image-gallery__media-thumbnail-caption-wrapper spectra-image-gallery__media-thumbnail-caption-wrapper--overlay\"><\/div>\n\t\t\t\t\t\t\t\t<\/div>\n\t\t\t\t\t\t<\/div>\n\t\t\t\t\t\t<\/div>\n\t\t\t\t\t\t\t\t\t\t<\/div>\n\t\t\t\t\t\t\t\t\t\t\t\t\t\t\t\t\t\t<\/div>\n\t\t\t\t\t\t\t\t\t\n\n\n<div style=\"height:60px\" aria-hidden=\"true\" class=\"wp-block-spacer\"><\/div>\n\n\n<style>.wp-block-kadence-advancedheading.kt-adv-heading5176_a12364-ad, .wp-block-kadence-advancedheading.kt-adv-heading5176_a12364-ad[data-kb-block=\"kb-adv-heading5176_a12364-ad\"]{font-style:normal;}.wp-block-kadence-advancedheading.kt-adv-heading5176_a12364-ad mark.kt-highlight, .wp-block-kadence-advancedheading.kt-adv-heading5176_a12364-ad[data-kb-block=\"kb-adv-heading5176_a12364-ad\"] mark.kt-highlight{font-style:normal;color:#f76a0c;-webkit-box-decoration-break:clone;box-decoration-break:clone;padding-top:0px;padding-right:0px;padding-bottom:0px;padding-left:0px;}<\/style>\n<h3 id=\"ibiltaritza\" class=\"kt-adv-heading5176_a12364-ad wp-block-kadence-advancedheading\" data-kb-block=\"kb-adv-heading5176_a12364-ad\"><strong>3. Ibiltaritza<\/strong><\/h3>\n\n\n\n<p class=\"has-medium-font-size\">\ud83d\udccd&nbsp;Baieztatutako hurrengo erakusketak<\/p>\n\n\n\n<div class=\"wp-block-uagb-content-timeline uagb-timeline__outer-wrap uagb-block-b1a0e758 uagb-timeline__content-wrap uagb-timeline__center-block  uagb-timeline__arrow-center uagb-timeline\">\n<article class=\"wp-block-uagb-content-timeline-child uagb-timeline__field uagb-timeline-child-d61fc02c uagb-timeline__right\"><div class=\"uagb-timeline__marker out-view-uagb-timeline__icon\"><svg xmlns=\"https:\/\/www.w3.org\/2000\/svg\" viewBox=\"0 0 448 512\"><path d=\"M160 32V64H288V32C288 14.33 302.3 0 320 0C337.7 0 352 14.33 352 32V64H400C426.5 64 448 85.49 448 112V160H0V112C0 85.49 21.49 64 48 64H96V32C96 14.33 110.3 0 128 0C145.7 0 160 14.33 160 32zM0 192H448V464C448 490.5 426.5 512 400 512H48C21.49 512 0 490.5 0 464V192zM64 304C64 312.8 71.16 320 80 320H112C120.8 320 128 312.8 128 304V272C128 263.2 120.8 256 112 256H80C71.16 256 64 263.2 64 272V304zM192 304C192 312.8 199.2 320 208 320H240C248.8 320 256 312.8 256 304V272C256 263.2 248.8 256 240 256H208C199.2 256 192 263.2 192 272V304zM336 256C327.2 256 320 263.2 320 272V304C320 312.8 327.2 320 336 320H368C376.8 320 384 312.8 384 304V272C384 263.2 376.8 256 368 256H336zM64 432C64 440.8 71.16 448 80 448H112C120.8 448 128 440.8 128 432V400C128 391.2 120.8 384 112 384H80C71.16 384 64 391.2 64 400V432zM208 384C199.2 384 192 391.2 192 400V432C192 440.8 199.2 448 208 448H240C248.8 448 256 440.8 256 432V400C256 391.2 248.8 384 240 384H208zM320 432C320 440.8 327.2 448 336 448H368C376.8 448 384 440.8 384 432V400C384 391.2 376.8 384 368 384H336C327.2 384 320 391.2 320 400V432z\"><\/path><\/svg><\/div><div class=\"uagb-timeline__day-new uagb-timeline__day-right uagb-timeline__events-inner-new\"><div class=\"uagb-timeline__events-inner--content\"><div class=\"uagb-timeline__date-hide uagb-timeline__inner-date-new\">junio 6, 2025<\/div><h4 class=\"uagb-timeline__heading\">Banco Sabadell \/ 6-13 junio<\/h4><p class=\"uagb-timeline-desc-content\"><em>Oficina c\/. Zubieta &#8211; Donostia &#8211; San Sebasti\u00e1n<\/em><br>Lunes a viernes 08:00 a 14:00<\/p><div class=\"uagb-timeline__arrow\"><\/div><\/div><\/div><div class=\"uagb-timeline__date-new\">junio 6, 2025<\/div><\/article>\n\n\n\n<article class=\"wp-block-uagb-content-timeline-child uagb-timeline__field uagb-timeline-child-88f9bd91 uagb-timeline__left\"><div class=\"uagb-timeline__marker out-view-uagb-timeline__icon\"><svg xmlns=\"https:\/\/www.w3.org\/2000\/svg\" viewBox=\"0 0 448 512\"><path d=\"M160 32V64H288V32C288 14.33 302.3 0 320 0C337.7 0 352 14.33 352 32V64H400C426.5 64 448 85.49 448 112V160H0V112C0 85.49 21.49 64 48 64H96V32C96 14.33 110.3 0 128 0C145.7 0 160 14.33 160 32zM0 192H448V464C448 490.5 426.5 512 400 512H48C21.49 512 0 490.5 0 464V192zM64 304C64 312.8 71.16 320 80 320H112C120.8 320 128 312.8 128 304V272C128 263.2 120.8 256 112 256H80C71.16 256 64 263.2 64 272V304zM192 304C192 312.8 199.2 320 208 320H240C248.8 320 256 312.8 256 304V272C256 263.2 248.8 256 240 256H208C199.2 256 192 263.2 192 272V304zM336 256C327.2 256 320 263.2 320 272V304C320 312.8 327.2 320 336 320H368C376.8 320 384 312.8 384 304V272C384 263.2 376.8 256 368 256H336zM64 432C64 440.8 71.16 448 80 448H112C120.8 448 128 440.8 128 432V400C128 391.2 120.8 384 112 384H80C71.16 384 64 391.2 64 400V432zM208 384C199.2 384 192 391.2 192 400V432C192 440.8 199.2 448 208 448H240C248.8 448 256 440.8 256 432V400C256 391.2 248.8 384 240 384H208zM320 432C320 440.8 327.2 448 336 448H368C376.8 448 384 440.8 384 432V400C384 391.2 376.8 384 368 384H336C327.2 384 320 391.2 320 400V432z\"><\/path><\/svg><\/div><div class=\"uagb-timeline__day-new uagb-timeline__day-left uagb-timeline__events-inner-new\"><div class=\"uagb-timeline__events-inner--content\"><div class=\"uagb-timeline__date-hide uagb-timeline__inner-date-new\">junio 13, 2025<\/div><h4 class=\"uagb-timeline__heading\">Banco Sabadell \/ 13-30 junio<\/h4><p class=\"uagb-timeline-desc-content\"><em>Oficina Bergara<\/em><br>Lunes a viernes 08:00 a 14:00<\/p><div class=\"uagb-timeline__arrow\"><\/div><\/div><\/div><div class=\"uagb-timeline__date-new\">junio 13, 2025<\/div><\/article>\n\n\n\n<article class=\"wp-block-uagb-content-timeline-child uagb-timeline__field uagb-timeline-child-906aa71a uagb-timeline__right\"><div class=\"uagb-timeline__marker out-view-uagb-timeline__icon\"><svg xmlns=\"https:\/\/www.w3.org\/2000\/svg\" viewBox=\"0 0 448 512\"><path d=\"M160 32V64H288V32C288 14.33 302.3 0 320 0C337.7 0 352 14.33 352 32V64H400C426.5 64 448 85.49 448 112V160H0V112C0 85.49 21.49 64 48 64H96V32C96 14.33 110.3 0 128 0C145.7 0 160 14.33 160 32zM0 192H448V464C448 490.5 426.5 512 400 512H48C21.49 512 0 490.5 0 464V192zM64 304C64 312.8 71.16 320 80 320H112C120.8 320 128 312.8 128 304V272C128 263.2 120.8 256 112 256H80C71.16 256 64 263.2 64 272V304zM192 304C192 312.8 199.2 320 208 320H240C248.8 320 256 312.8 256 304V272C256 263.2 248.8 256 240 256H208C199.2 256 192 263.2 192 272V304zM336 256C327.2 256 320 263.2 320 272V304C320 312.8 327.2 320 336 320H368C376.8 320 384 312.8 384 304V272C384 263.2 376.8 256 368 256H336zM64 432C64 440.8 71.16 448 80 448H112C120.8 448 128 440.8 128 432V400C128 391.2 120.8 384 112 384H80C71.16 384 64 391.2 64 400V432zM208 384C199.2 384 192 391.2 192 400V432C192 440.8 199.2 448 208 448H240C248.8 448 256 440.8 256 432V400C256 391.2 248.8 384 240 384H208zM320 432C320 440.8 327.2 448 336 448H368C376.8 448 384 440.8 384 432V400C384 391.2 376.8 384 368 384H336C327.2 384 320 391.2 320 400V432z\"><\/path><\/svg><\/div><div class=\"uagb-timeline__day-new uagb-timeline__day-right uagb-timeline__events-inner-new\"><div class=\"uagb-timeline__events-inner--content\"><div class=\"uagb-timeline__date-hide uagb-timeline__inner-date-new\">julio 1, 2025<\/div><h4 class=\"uagb-timeline__heading\">Iglesia San Salvador de Olazabal \/ 1-31 julio<\/h4><p class=\"uagb-timeline-desc-content\"><em>Altzo<\/em><br>S\u00e1bado 11:00 a 13:00 \/ 17:00 a 20:00<br>Domingo 11:00 a 13:00<\/p><div class=\"uagb-timeline__arrow\"><\/div><\/div><\/div><div class=\"uagb-timeline__date-new\">julio 1, 2025<\/div><\/article>\n\n\n\n<article class=\"wp-block-uagb-content-timeline-child uagb-timeline__field uagb-timeline-child-02ceea34 uagb-timeline__left\"><div class=\"uagb-timeline__marker out-view-uagb-timeline__icon\"><svg xmlns=\"https:\/\/www.w3.org\/2000\/svg\" viewBox=\"0 0 448 512\"><path d=\"M160 32V64H288V32C288 14.33 302.3 0 320 0C337.7 0 352 14.33 352 32V64H400C426.5 64 448 85.49 448 112V160H0V112C0 85.49 21.49 64 48 64H96V32C96 14.33 110.3 0 128 0C145.7 0 160 14.33 160 32zM0 192H448V464C448 490.5 426.5 512 400 512H48C21.49 512 0 490.5 0 464V192zM64 304C64 312.8 71.16 320 80 320H112C120.8 320 128 312.8 128 304V272C128 263.2 120.8 256 112 256H80C71.16 256 64 263.2 64 272V304zM192 304C192 312.8 199.2 320 208 320H240C248.8 320 256 312.8 256 304V272C256 263.2 248.8 256 240 256H208C199.2 256 192 263.2 192 272V304zM336 256C327.2 256 320 263.2 320 272V304C320 312.8 327.2 320 336 320H368C376.8 320 384 312.8 384 304V272C384 263.2 376.8 256 368 256H336zM64 432C64 440.8 71.16 448 80 448H112C120.8 448 128 440.8 128 432V400C128 391.2 120.8 384 112 384H80C71.16 384 64 391.2 64 400V432zM208 384C199.2 384 192 391.2 192 400V432C192 440.8 199.2 448 208 448H240C248.8 448 256 440.8 256 432V400C256 391.2 248.8 384 240 384H208zM320 432C320 440.8 327.2 448 336 448H368C376.8 448 384 440.8 384 432V400C384 391.2 376.8 384 368 384H336C327.2 384 320 391.2 320 400V432z\"><\/path><\/svg><\/div><div class=\"uagb-timeline__day-new uagb-timeline__day-left uagb-timeline__events-inner-new\"><div class=\"uagb-timeline__events-inner--content\"><div class=\"uagb-timeline__date-hide uagb-timeline__inner-date-new\">agosto 4, 2025<\/div><h4 class=\"uagb-timeline__heading\">UPV \/ 4 agosto &#8211; 8 septiembre<\/h4><p class=\"uagb-timeline-desc-content\"><em>Centro Carlos Santamar\u00eda &#8211; Sala Txillardegi<br>Plaza de Elhuyar, 2 &#8211; Donostia \/ San Sebasti\u00e1n<\/em><br>Lunes a viernes 08:00 a 14:30<br>A partir 1 septiembre: L a V 08:00 a 20:30<\/p><div class=\"uagb-timeline__arrow\"><\/div><\/div><\/div><div class=\"uagb-timeline__date-new\">agosto 4, 2025<\/div><\/article>\n\n\n\n<article class=\"wp-block-uagb-content-timeline-child uagb-timeline__field uagb-timeline-child-3a60c8c3 uagb-timeline__right\"><div class=\"uagb-timeline__marker out-view-uagb-timeline__icon\"><svg xmlns=\"https:\/\/www.w3.org\/2000\/svg\" viewBox=\"0 0 448 512\"><path d=\"M160 32V64H288V32C288 14.33 302.3 0 320 0C337.7 0 352 14.33 352 32V64H400C426.5 64 448 85.49 448 112V160H0V112C0 85.49 21.49 64 48 64H96V32C96 14.33 110.3 0 128 0C145.7 0 160 14.33 160 32zM0 192H448V464C448 490.5 426.5 512 400 512H48C21.49 512 0 490.5 0 464V192zM64 304C64 312.8 71.16 320 80 320H112C120.8 320 128 312.8 128 304V272C128 263.2 120.8 256 112 256H80C71.16 256 64 263.2 64 272V304zM192 304C192 312.8 199.2 320 208 320H240C248.8 320 256 312.8 256 304V272C256 263.2 248.8 256 240 256H208C199.2 256 192 263.2 192 272V304zM336 256C327.2 256 320 263.2 320 272V304C320 312.8 327.2 320 336 320H368C376.8 320 384 312.8 384 304V272C384 263.2 376.8 256 368 256H336zM64 432C64 440.8 71.16 448 80 448H112C120.8 448 128 440.8 128 432V400C128 391.2 120.8 384 112 384H80C71.16 384 64 391.2 64 400V432zM208 384C199.2 384 192 391.2 192 400V432C192 440.8 199.2 448 208 448H240C248.8 448 256 440.8 256 432V400C256 391.2 248.8 384 240 384H208zM320 432C320 440.8 327.2 448 336 448H368C376.8 448 384 440.8 384 432V400C384 391.2 376.8 384 368 384H336C327.2 384 320 391.2 320 400V432z\"><\/path><\/svg><\/div><div class=\"uagb-timeline__day-new uagb-timeline__day-right uagb-timeline__events-inner-new\"><div class=\"uagb-timeline__events-inner--content\"><div class=\"uagb-timeline__date-hide uagb-timeline__inner-date-new\">septiembre 10, 2025<\/div><h4 class=\"uagb-timeline__heading\">Museo Topic \/ 10 septiembre &#8211; 5 octubre<\/h4><p class=\"uagb-timeline-desc-content\"><em>Sala Ambig\u00fa<br>Plaza Euskal Herria, 1 &#8211; Tolosa<\/em><br>Martes a viernes <br>10:00 &#8211; 13:00 \/ 16:00 &#8211; 19:00<br>S\u00e1bado y domingo<br> 10:30 &#8211; 14:00 \/ 16:00 &#8211; 19:30<\/p><div class=\"uagb-timeline__arrow\"><\/div><\/div><\/div><div class=\"uagb-timeline__date-new\">septiembre 10, 2025<\/div><\/article>\n\n\n\n<article class=\"wp-block-uagb-content-timeline-child uagb-timeline__field uagb-timeline-child-908af6c0 uagb-timeline__left\"><div class=\"uagb-timeline__marker out-view-uagb-timeline__icon\"><svg xmlns=\"https:\/\/www.w3.org\/2000\/svg\" viewBox=\"0 0 448 512\"><path d=\"M160 32V64H288V32C288 14.33 302.3 0 320 0C337.7 0 352 14.33 352 32V64H400C426.5 64 448 85.49 448 112V160H0V112C0 85.49 21.49 64 48 64H96V32C96 14.33 110.3 0 128 0C145.7 0 160 14.33 160 32zM0 192H448V464C448 490.5 426.5 512 400 512H48C21.49 512 0 490.5 0 464V192zM64 304C64 312.8 71.16 320 80 320H112C120.8 320 128 312.8 128 304V272C128 263.2 120.8 256 112 256H80C71.16 256 64 263.2 64 272V304zM192 304C192 312.8 199.2 320 208 320H240C248.8 320 256 312.8 256 304V272C256 263.2 248.8 256 240 256H208C199.2 256 192 263.2 192 272V304zM336 256C327.2 256 320 263.2 320 272V304C320 312.8 327.2 320 336 320H368C376.8 320 384 312.8 384 304V272C384 263.2 376.8 256 368 256H336zM64 432C64 440.8 71.16 448 80 448H112C120.8 448 128 440.8 128 432V400C128 391.2 120.8 384 112 384H80C71.16 384 64 391.2 64 400V432zM208 384C199.2 384 192 391.2 192 400V432C192 440.8 199.2 448 208 448H240C248.8 448 256 440.8 256 432V400C256 391.2 248.8 384 240 384H208zM320 432C320 440.8 327.2 448 336 448H368C376.8 448 384 440.8 384 432V400C384 391.2 376.8 384 368 384H336C327.2 384 320 391.2 320 400V432z\"><\/path><\/svg><\/div><div class=\"uagb-timeline__day-new uagb-timeline__day-left uagb-timeline__events-inner-new\"><div class=\"uagb-timeline__events-inner--content\"><div class=\"uagb-timeline__date-hide uagb-timeline__inner-date-new\">octubre 6, 2025<\/div><h4 class=\"uagb-timeline__heading\">Banco Sabadell \/ 6 octubre &#8211; 10 noviembre<\/h4><p class=\"uagb-timeline-desc-content\"><em>Oficina c\/. Zubieta, 22 &#8211; Donostia &#8211; San Sebasti\u00e1n<\/em><br>Lunes a viernes 08:00 a 14:00<\/p><div class=\"uagb-timeline__arrow\"><\/div><\/div><\/div><div class=\"uagb-timeline__date-new\">octubre 6, 2025<\/div><\/article>\n<div class=\"uagb-timeline__line\"><div class=\"uagb-timeline__line__inner\"><\/div><\/div><\/div>\n\n\n<style>.wp-block-kadence-advancedheading.kt-adv-heading5176_bd2aef-00, .wp-block-kadence-advancedheading.kt-adv-heading5176_bd2aef-00[data-kb-block=\"kb-adv-heading5176_bd2aef-00\"]{font-style:normal;}.wp-block-kadence-advancedheading.kt-adv-heading5176_bd2aef-00 mark.kt-highlight, .wp-block-kadence-advancedheading.kt-adv-heading5176_bd2aef-00[data-kb-block=\"kb-adv-heading5176_bd2aef-00\"] mark.kt-highlight{font-style:normal;color:#f76a0c;-webkit-box-decoration-break:clone;box-decoration-break:clone;padding-top:0px;padding-right:0px;padding-bottom:0px;padding-left:0px;}<\/style>\n<h3 id=\"enkante\" class=\"kt-adv-heading5176_bd2aef-00 wp-block-kadence-advancedheading\" data-kb-block=\"kb-adv-heading5176_bd2aef-00\"><strong>4. <strong>Enkante solidarioa<\/strong><\/strong><\/h3>\n\n\n\n<p>Pieza hauek <em>Minbiziaren Aurka Gipuzkoan Elkartearen<\/em> alde jarriko dira enkantean <strong>azaroaren 11n<\/strong>, <strong>San Martin Eguneko egitarauari amaiera emateko<\/strong>.<\/p>\n\n\n\n<p>Ekitaldia<strong> Londres eta Ingalaterrako Hoteleko Victoria Aretoan<\/strong> izango da:<\/p>\n\n\n\n<ul class=\"wp-block-list\">\n<li><strong>19:30<\/strong> Harrera eta proiektuaren aurkezpena<\/li>\n\n\n\n<li><strong>20:30<\/strong> Enkantearen itxiera<\/li>\n<\/ul>\n\n\n\n<p>Ikusgai dauden piezetako batean interesa baduzu, jar zaitez gurekin harremanetan.<\/p>\n\n\n<style>.wp-block-kadence-advancedbtn.kt-btns5176_891685-cb, .site .entry-content .wp-block-kadence-advancedbtn.kt-btns5176_891685-cb, .wp-block-kadence-advancedbtn.kb-btns5176_891685-cb, .site .entry-content .wp-block-kadence-advancedbtn.kb-btns5176_891685-cb{margin-bottom:var(--global-kb-spacing-xs, 1rem);}.wp-block-kadence-advancedbtn.kb-btns5176_891685-cb{gap:var(--global-kb-gap-xs, 0.5rem );justify-content:center;align-items:center;}.kt-btns5176_891685-cb .kt-button{font-weight:normal;font-style:normal;}.kt-btns5176_891685-cb .kt-btn-wrap-0{margin-right:5px;}.wp-block-kadence-advancedbtn.kt-btns5176_891685-cb .kt-btn-wrap-0 .kt-button{color:#555555;border-color:#555555;}.wp-block-kadence-advancedbtn.kt-btns5176_891685-cb .kt-btn-wrap-0 .kt-button:hover, .wp-block-kadence-advancedbtn.kt-btns5176_891685-cb .kt-btn-wrap-0 .kt-button:focus{color:#ffffff;border-color:#444444;}.wp-block-kadence-advancedbtn.kt-btns5176_891685-cb .kt-btn-wrap-0 .kt-button::before{display:none;}.wp-block-kadence-advancedbtn.kt-btns5176_891685-cb .kt-btn-wrap-0 .kt-button:hover, .wp-block-kadence-advancedbtn.kt-btns5176_891685-cb .kt-btn-wrap-0 .kt-button:focus{background:#444444;}<\/style>\n<div class=\"wp-block-kadence-advancedbtn kb-buttons-wrap kb-btns5176_891685-cb\"><style>ul.menu .wp-block-kadence-advancedbtn .kb-btn5176_24a01a-90.kb-button{width:initial;}.wp-block-kadence-advancedbtn .kb-btn5176_24a01a-90.kb-button{color:var(--ast-global-color-8);border-top-left-radius:10px;border-top-right-radius:10px;border-bottom-right-radius:10px;border-bottom-left-radius:10px;border-top:1px solid var(--ast-global-color-3);border-right:1px solid var(--ast-global-color-3);border-bottom:1px solid var(--ast-global-color-3);border-left:1px solid var(--ast-global-color-3);}.wp-block-kadence-advancedbtn .kb-btn5176_24a01a-90.kb-button:hover, .wp-block-kadence-advancedbtn .kb-btn5176_24a01a-90.kb-button:focus{color:var(--ast-global-color-5);background:var(--ast-global-color-0);border-top-left-radius:10px;border-top-right-radius:10px;border-bottom-right-radius:10px;border-bottom-left-radius:10px;border-top:1px solid var(--ast-global-color-0);border-right:1px solid var(--ast-global-color-0);border-bottom:1px solid var(--ast-global-color-0);border-left:1px solid var(--ast-global-color-0);}@media all and (max-width: 1024px){.wp-block-kadence-advancedbtn .kb-btn5176_24a01a-90.kb-button{border-top:1px solid var(--ast-global-color-3);border-right:1px solid var(--ast-global-color-3);border-bottom:1px solid var(--ast-global-color-3);border-left:1px solid var(--ast-global-color-3);}}@media all and (max-width: 1024px){.wp-block-kadence-advancedbtn .kb-btn5176_24a01a-90.kb-button:hover, .wp-block-kadence-advancedbtn .kb-btn5176_24a01a-90.kb-button:focus{border-top:1px solid var(--ast-global-color-0);border-right:1px solid var(--ast-global-color-0);border-bottom:1px solid var(--ast-global-color-0);border-left:1px solid var(--ast-global-color-0);}}@media all and (max-width: 767px){.wp-block-kadence-advancedbtn .kb-btn5176_24a01a-90.kb-button{border-top:1px solid var(--ast-global-color-3);border-right:1px solid var(--ast-global-color-3);border-bottom:1px solid var(--ast-global-color-3);border-left:1px solid var(--ast-global-color-3);}.wp-block-kadence-advancedbtn .kb-btn5176_24a01a-90.kb-button:hover, .wp-block-kadence-advancedbtn .kb-btn5176_24a01a-90.kb-button:focus{border-top:1px solid var(--ast-global-color-0);border-right:1px solid var(--ast-global-color-0);border-bottom:1px solid var(--ast-global-color-0);border-left:1px solid var(--ast-global-color-0);}}<\/style><a class=\"kb-button kt-button button kb-btn5176_24a01a-90 kt-btn-size-small kt-btn-width-type-auto kb-btn-global-outline  kt-btn-has-text-true kt-btn-has-svg-false  wp-block-kadence-singlebtn\" href=\"https:\/\/www.ebay.es\/usr\/bsm_ss\"><span class=\"kt-btn-inner-text\">EGIN ESKAINTZA ZURE TXAPELA GOGOKOENAREN ALDE<\/span><\/a><\/div>\n\n\n<style>.wp-block-kadence-advancedheading.kt-adv-heading5176_596887-4d, .wp-block-kadence-advancedheading.kt-adv-heading5176_596887-4d[data-kb-block=\"kb-adv-heading5176_596887-4d\"]{font-style:normal;}.wp-block-kadence-advancedheading.kt-adv-heading5176_596887-4d mark.kt-highlight, .wp-block-kadence-advancedheading.kt-adv-heading5176_596887-4d[data-kb-block=\"kb-adv-heading5176_596887-4d\"] mark.kt-highlight{font-style:normal;color:#f76a0c;-webkit-box-decoration-break:clone;box-decoration-break:clone;padding-top:0px;padding-right:0px;padding-bottom:0px;padding-left:0px;}<\/style>\n<h3 id=\"proiektuari\" class=\"kt-adv-heading5176_596887-4d wp-block-kadence-advancedheading\" data-kb-block=\"kb-adv-heading5176_596887-4d\"><strong>5. <strong>Proiektuari buruz<\/strong><\/strong><\/h3>\n\n\n\n<p class=\"has-medium-font-size\">\ud83d\ude4f&nbsp;Eskerrik asko<\/p>\n\n\n\n<p>Barrio San Mart\u00edn elkartetik gure eskerrik beroenak adierazi nahi dizkiegu Chapelarte proiektua posible egin duten pertsona, erakunde eta enpresa guztiei.<br>Zuen laguntzari, konpromisoari eta eskuzabaltasunari esker, Euskal Herriko artistek esku hartutako Elosegi txapelen inguruan artea, tradizioa eta elkartasuna batzen dituen erakusketa berezi honi bizia ematea lortu dugu.<\/p>\n\n\n\n<p>Aipamen berezia gure babesleei, laguntzaileei eta bidean zehar beren talentua, denbora eta ilusioa ekarri duten boluntario guztiei.<\/p>\n\n\n\n<p>Ekimen honek tokiko sormena ikusarazteaz gain, batzen gaituen kausa bat ere badu: Minbiziaren Aurkako Elkarteari laguntzea, piezen enkante solidarioaren bidez.<\/p>\n\n\n\n<p>Mila esker bihotzez.<\/p>\n\n\n\n<ul class=\"wp-block-list\">\n<li>Antolaketa nagusia: San Martin Auzoa Elkartea.<\/li>\n\n\n\n<li>Boinas El\u00f3seguiren eta Banco Sabadellen partaidetza<\/li>\n\n\n\n<li>Babesleak: Eusko Jaurlaritzako Merkataritza Zuzendaritza, Gipuzkoako Foru Aldundiko Iraunkortasun Saila, Gipuzkoako Foru Aldundiko Turismo Zuzendaritza, Donostia Kultura eta Espainiako Kapelagintzat Elkartea<\/li>\n\n\n\n<li>Laguntzailea: San Sebastian Shops<\/li>\n<\/ul>\n\n\n\t\t\t\t\t<div\n\t\t\t\t\t\tclass=\"wp-block-uagb-image-gallery uagb-block-4d4f55c0     \"\n\t\t\t\t\t\tstyle=\"\"\n\t\t\t\t\t>\n\t\t\t\t\t\t\t\t\t\t\t<div class=\"spectra-image-gallery spectra-image-gallery__layout--masonry spectra-image-gallery__layout--masonry-col-2 spectra-image-gallery__layout--masonry-col-tab-3 spectra-image-gallery__layout--masonry-col-mob-2\">\n\t\t\t\t\t\t\t\t\t\t\t<div class='spectra-image-gallery__media-wrapper--isotope'>\n\t\t\t\t\t\t\t<div class='spectra-image-gallery__media-wrapper' data-spectra-gallery-image-id='5289' tabindex=\"0\">\n\t\t\t\t\t\t\t<div class=\"spectra-image-gallery__media spectra-image-gallery__media--masonry\">\n\t\t\t\t<picture>\n\t\t\t\t\t<source media=\"(min-width: 1024px)\" srcset=\"https:\/\/barriosanmartin.com\/wp-content\/uploads\/2025\/06\/ZGrupo43-scaled.jpg\">\n\t\t\t\t\t<source media=\"(min-width: 768px)\" srcset=\"https:\/\/barriosanmartin.com\/wp-content\/uploads\/2025\/06\/ZGrupo43-1024x681.jpg\">\n\t\t\t\t\t<img decoding=\"async\" class=\"spectra-image-gallery__media-thumbnail spectra-image-gallery__media-thumbnail--masonry\" src=\"https:\/\/barriosanmartin.com\/wp-content\/uploads\/2025\/06\/ZGrupo43-300x200.jpg\" alt=\"\" loading=\"lazy\" \/>\n\t\t\t\t<\/picture>\n\t\t\t\t<div class=\"spectra-image-gallery__media-thumbnail-blurrer\"><\/div>\n\t\t\t\t\t\t\t\t\t\t\t<div class=\"spectra-image-gallery__media-thumbnail-caption-wrapper spectra-image-gallery__media-thumbnail-caption-wrapper--overlay\"><\/div>\n\t\t\t\t\t\t\t\t<\/div>\n\t\t\t\t\t\t<\/div>\n\t\t\t\t\t\t<\/div>\n\t\t\t\t\t\t<div class='spectra-image-gallery__media-wrapper--isotope'>\n\t\t\t\t\t\t\t<div class='spectra-image-gallery__media-wrapper' data-spectra-gallery-image-id='5291' tabindex=\"0\">\n\t\t\t\t\t\t\t<div class=\"spectra-image-gallery__media spectra-image-gallery__media--masonry\">\n\t\t\t\t<picture>\n\t\t\t\t\t<source media=\"(min-width: 1024px)\" srcset=\"https:\/\/barriosanmartin.com\/wp-content\/uploads\/2025\/06\/ZGrupo75-scaled.jpg\">\n\t\t\t\t\t<source media=\"(min-width: 768px)\" srcset=\"https:\/\/barriosanmartin.com\/wp-content\/uploads\/2025\/06\/ZGrupo75-1024x681.jpg\">\n\t\t\t\t\t<img decoding=\"async\" class=\"spectra-image-gallery__media-thumbnail spectra-image-gallery__media-thumbnail--masonry\" src=\"https:\/\/barriosanmartin.com\/wp-content\/uploads\/2025\/06\/ZGrupo75-300x200.jpg\" alt=\"\" loading=\"lazy\" \/>\n\t\t\t\t<\/picture>\n\t\t\t\t<div class=\"spectra-image-gallery__media-thumbnail-blurrer\"><\/div>\n\t\t\t\t\t\t\t\t\t\t\t<div class=\"spectra-image-gallery__media-thumbnail-caption-wrapper spectra-image-gallery__media-thumbnail-caption-wrapper--overlay\"><\/div>\n\t\t\t\t\t\t\t\t<\/div>\n\t\t\t\t\t\t<\/div>\n\t\t\t\t\t\t<\/div>\n\t\t\t\t\t\t<div class='spectra-image-gallery__media-wrapper--isotope'>\n\t\t\t\t\t\t\t<div class='spectra-image-gallery__media-wrapper' data-spectra-gallery-image-id='5294' tabindex=\"0\">\n\t\t\t\t\t\t\t<div class=\"spectra-image-gallery__media spectra-image-gallery__media--masonry\">\n\t\t\t\t<picture>\n\t\t\t\t\t<source media=\"(min-width: 1024px)\" srcset=\"https:\/\/barriosanmartin.com\/wp-content\/uploads\/2025\/06\/ZGrupo76-scaled.jpg\">\n\t\t\t\t\t<source media=\"(min-width: 768px)\" srcset=\"https:\/\/barriosanmartin.com\/wp-content\/uploads\/2025\/06\/ZGrupo76-1024x505.jpg\">\n\t\t\t\t\t<img decoding=\"async\" class=\"spectra-image-gallery__media-thumbnail spectra-image-gallery__media-thumbnail--masonry\" src=\"https:\/\/barriosanmartin.com\/wp-content\/uploads\/2025\/06\/ZGrupo76-300x148.jpg\" alt=\"\" loading=\"lazy\" \/>\n\t\t\t\t<\/picture>\n\t\t\t\t<div class=\"spectra-image-gallery__media-thumbnail-blurrer\"><\/div>\n\t\t\t\t\t\t\t\t\t\t\t<div class=\"spectra-image-gallery__media-thumbnail-caption-wrapper spectra-image-gallery__media-thumbnail-caption-wrapper--overlay\"><\/div>\n\t\t\t\t\t\t\t\t<\/div>\n\t\t\t\t\t\t<\/div>\n\t\t\t\t\t\t<\/div>\n\t\t\t\t\t\t<div class='spectra-image-gallery__media-wrapper--isotope'>\n\t\t\t\t\t\t\t<div class='spectra-image-gallery__media-wrapper' data-spectra-gallery-image-id='5296' tabindex=\"0\">\n\t\t\t\t\t\t\t<div class=\"spectra-image-gallery__media spectra-image-gallery__media--masonry\">\n\t\t\t\t<picture>\n\t\t\t\t\t<source media=\"(min-width: 1024px)\" srcset=\"https:\/\/barriosanmartin.com\/wp-content\/uploads\/2025\/06\/ZGrupo79-scaled.jpg\">\n\t\t\t\t\t<source media=\"(min-width: 768px)\" srcset=\"https:\/\/barriosanmartin.com\/wp-content\/uploads\/2025\/06\/ZGrupo79-1024x681.jpg\">\n\t\t\t\t\t<img decoding=\"async\" class=\"spectra-image-gallery__media-thumbnail spectra-image-gallery__media-thumbnail--masonry\" src=\"https:\/\/barriosanmartin.com\/wp-content\/uploads\/2025\/06\/ZGrupo79-300x200.jpg\" alt=\"\" loading=\"lazy\" \/>\n\t\t\t\t<\/picture>\n\t\t\t\t<div class=\"spectra-image-gallery__media-thumbnail-blurrer\"><\/div>\n\t\t\t\t\t\t\t\t\t\t\t<div class=\"spectra-image-gallery__media-thumbnail-caption-wrapper spectra-image-gallery__media-thumbnail-caption-wrapper--overlay\"><\/div>\n\t\t\t\t\t\t\t\t<\/div>\n\t\t\t\t\t\t<\/div>\n\t\t\t\t\t\t<\/div>\n\t\t\t\t\t\t<div class='spectra-image-gallery__media-wrapper--isotope'>\n\t\t\t\t\t\t\t<div class='spectra-image-gallery__media-wrapper' data-spectra-gallery-image-id='5298' tabindex=\"0\">\n\t\t\t\t\t\t\t<div class=\"spectra-image-gallery__media spectra-image-gallery__media--masonry\">\n\t\t\t\t<picture>\n\t\t\t\t\t<source media=\"(min-width: 1024px)\" srcset=\"https:\/\/barriosanmartin.com\/wp-content\/uploads\/2025\/06\/ZGrupo121-scaled.jpg\">\n\t\t\t\t\t<source media=\"(min-width: 768px)\" srcset=\"https:\/\/barriosanmartin.com\/wp-content\/uploads\/2025\/06\/ZGrupo121-1024x681.jpg\">\n\t\t\t\t\t<img decoding=\"async\" class=\"spectra-image-gallery__media-thumbnail spectra-image-gallery__media-thumbnail--masonry\" src=\"https:\/\/barriosanmartin.com\/wp-content\/uploads\/2025\/06\/ZGrupo121-300x200.jpg\" alt=\"\" loading=\"lazy\" \/>\n\t\t\t\t<\/picture>\n\t\t\t\t<div class=\"spectra-image-gallery__media-thumbnail-blurrer\"><\/div>\n\t\t\t\t\t\t\t\t\t\t\t<div class=\"spectra-image-gallery__media-thumbnail-caption-wrapper spectra-image-gallery__media-thumbnail-caption-wrapper--overlay\"><\/div>\n\t\t\t\t\t\t\t\t<\/div>\n\t\t\t\t\t\t<\/div>\n\t\t\t\t\t\t<\/div>\n\t\t\t\t\t\t\t\t\t\t<\/div>\n\t\t\t\t\t\t\t\t\t\t\t\t\t\t\t\t\t\t<\/div>\n\t\t\t\t\t\t\t\t\t","protected":false},"excerpt":{"rendered":"<p>Arima solidarioa duen artea. Artistak zaindutako Txapel El\u00f3segui erakusketa ibiltaria, Minbiziaren Aurkako Elkartearen alde. 1. Erakusketa2. Artistak eta obrak3. Ibiltaritza4. [&hellip;]<\/p>\n","protected":false},"author":1,"featured_media":5183,"comment_status":"open","ping_status":"open","sticky":false,"template":"","format":"standard","meta":{"_uag_custom_page_level_css":"","site-sidebar-layout":"default","site-content-layout":"","ast-site-content-layout":"default","site-content-style":"default","site-sidebar-style":"default","ast-global-header-display":"","ast-banner-title-visibility":"","ast-main-header-display":"","ast-hfb-above-header-display":"","ast-hfb-below-header-display":"","ast-hfb-mobile-header-display":"","site-post-title":"","ast-breadcrumbs-content":"","ast-featured-img":"","footer-sml-layout":"","ast-disable-related-posts":"","theme-transparent-header-meta":"","adv-header-id-meta":"","stick-header-meta":"","header-above-stick-meta":"","header-main-stick-meta":"","header-below-stick-meta":"","astra-migrate-meta-layouts":"default","ast-page-background-enabled":"default","ast-page-background-meta":{"desktop":{"background-color":"var(--ast-global-color-4)","background-image":"","background-repeat":"repeat","background-position":"center center","background-size":"auto","background-attachment":"scroll","background-type":"","background-media":"","overlay-type":"","overlay-color":"","overlay-opacity":"","overlay-gradient":""},"tablet":{"background-color":"","background-image":"","background-repeat":"repeat","background-position":"center center","background-size":"auto","background-attachment":"scroll","background-type":"","background-media":"","overlay-type":"","overlay-color":"","overlay-opacity":"","overlay-gradient":""},"mobile":{"background-color":"","background-image":"","background-repeat":"repeat","background-position":"center center","background-size":"auto","background-attachment":"scroll","background-type":"","background-media":"","overlay-type":"","overlay-color":"","overlay-opacity":"","overlay-gradient":""}},"ast-content-background-meta":{"desktop":{"background-color":"var(--ast-global-color-5)","background-image":"","background-repeat":"repeat","background-position":"center center","background-size":"auto","background-attachment":"scroll","background-type":"","background-media":"","overlay-type":"","overlay-color":"","overlay-opacity":"","overlay-gradient":""},"tablet":{"background-color":"var(--ast-global-color-5)","background-image":"","background-repeat":"repeat","background-position":"center center","background-size":"auto","background-attachment":"scroll","background-type":"","background-media":"","overlay-type":"","overlay-color":"","overlay-opacity":"","overlay-gradient":""},"mobile":{"background-color":"var(--ast-global-color-5)","background-image":"","background-repeat":"repeat","background-position":"center center","background-size":"auto","background-attachment":"scroll","background-type":"","background-media":"","overlay-type":"","overlay-color":"","overlay-opacity":"","overlay-gradient":""}},"footnotes":""},"categories":[24,26],"tags":[38,41,42],"class_list":["post-5176","post","type-post","status-publish","format-standard","has-post-thumbnail","hentry","category-eventos-eu","category-moda-eu","tag-ekitaldiak","tag-paseo-con-sombrero-eu","tag-satelites-eu"],"yoast_head":"<!-- This site is optimized with the Yoast SEO plugin v26.6 - https:\/\/yoast.com\/wordpress\/plugins\/seo\/ -->\n<title>TXAPELARTE - Barrio San Mart\u00edn Donostia San Sebasti\u00e1n<\/title>\n<meta name=\"robots\" content=\"index, follow, max-snippet:-1, max-image-preview:large, max-video-preview:-1\" \/>\n<link rel=\"canonical\" href=\"https:\/\/barriosanmartin.com\/eu\/2025\/06\/05\/txapelarte\/\" \/>\n<meta property=\"og:locale\" content=\"en_US\" \/>\n<meta property=\"og:type\" content=\"article\" \/>\n<meta property=\"og:title\" content=\"TXAPELARTE - Barrio San Mart\u00edn Donostia San Sebasti\u00e1n\" \/>\n<meta property=\"og:description\" content=\"Arima solidarioa duen artea. Artistak zaindutako Txapel El\u00f3segui erakusketa ibiltaria, Minbiziaren Aurkako Elkartearen alde. 1. Erakusketa2. Artistak eta obrak3. Ibiltaritza4. [&hellip;]\" \/>\n<meta property=\"og:url\" content=\"https:\/\/barriosanmartin.com\/eu\/2025\/06\/05\/txapelarte\/\" \/>\n<meta property=\"og:site_name\" content=\"Barrio San Mart\u00edn Donostia San Sebasti\u00e1n\" \/>\n<meta property=\"article:publisher\" content=\"https:\/\/www.facebook.com\/barriosanmartinss\/\" \/>\n<meta property=\"article:published_time\" content=\"2025-06-05T12:00:10+00:00\" \/>\n<meta property=\"article:modified_time\" content=\"2025-11-03T09:20:40+00:00\" \/>\n<meta property=\"og:image\" content=\"https:\/\/barriosanmartin.com\/wp-content\/uploads\/2025\/06\/ARTEFOTO122-scaled.jpg\" \/>\n\t<meta property=\"og:image:width\" content=\"2560\" \/>\n\t<meta property=\"og:image:height\" content=\"1281\" \/>\n\t<meta property=\"og:image:type\" content=\"image\/jpeg\" \/>\n<meta name=\"author\" content=\"admin\" \/>\n<meta name=\"twitter:card\" content=\"summary_large_image\" \/>\n<meta name=\"twitter:label1\" content=\"Written by\" \/>\n\t<meta name=\"twitter:data1\" content=\"admin\" \/>\n\t<meta name=\"twitter:label2\" content=\"Est. reading time\" \/>\n\t<meta name=\"twitter:data2\" content=\"13 minutua\" \/>\n<script type=\"application\/ld+json\" class=\"yoast-schema-graph\">{\"@context\":\"https:\/\/schema.org\",\"@graph\":[{\"@type\":\"Article\",\"@id\":\"https:\/\/barriosanmartin.com\/eu\/2025\/06\/05\/txapelarte\/#article\",\"isPartOf\":{\"@id\":\"https:\/\/barriosanmartin.com\/eu\/2025\/06\/05\/txapelarte\/\"},\"author\":{\"name\":\"admin\",\"@id\":\"https:\/\/barriosanmartin.com\/#\/schema\/person\/f78bc027a363c23c37868ebe63159845\"},\"headline\":\"TXAPELARTE\",\"datePublished\":\"2025-06-05T12:00:10+00:00\",\"dateModified\":\"2025-11-03T09:20:40+00:00\",\"mainEntityOfPage\":{\"@id\":\"https:\/\/barriosanmartin.com\/eu\/2025\/06\/05\/txapelarte\/\"},\"wordCount\":2553,\"commentCount\":0,\"publisher\":{\"@id\":\"https:\/\/barriosanmartin.com\/#organization\"},\"image\":{\"@id\":\"https:\/\/barriosanmartin.com\/eu\/2025\/06\/05\/txapelarte\/#primaryimage\"},\"thumbnailUrl\":\"https:\/\/barriosanmartin.com\/wp-content\/uploads\/2025\/06\/ARTEFOTO122-scaled.jpg\",\"keywords\":[\"Ekitaldiak\",\"Paseo con Sombrero\",\"Sat\u00e9lites\"],\"articleSection\":[\"Eventos\",\"Moda\"],\"inLanguage\":\"eu\",\"potentialAction\":[{\"@type\":\"CommentAction\",\"name\":\"Comment\",\"target\":[\"https:\/\/barriosanmartin.com\/eu\/2025\/06\/05\/txapelarte\/#respond\"]}]},{\"@type\":\"WebPage\",\"@id\":\"https:\/\/barriosanmartin.com\/eu\/2025\/06\/05\/txapelarte\/\",\"url\":\"https:\/\/barriosanmartin.com\/eu\/2025\/06\/05\/txapelarte\/\",\"name\":\"TXAPELARTE - Barrio San Mart\u00edn Donostia San Sebasti\u00e1n\",\"isPartOf\":{\"@id\":\"https:\/\/barriosanmartin.com\/#website\"},\"primaryImageOfPage\":{\"@id\":\"https:\/\/barriosanmartin.com\/eu\/2025\/06\/05\/txapelarte\/#primaryimage\"},\"image\":{\"@id\":\"https:\/\/barriosanmartin.com\/eu\/2025\/06\/05\/txapelarte\/#primaryimage\"},\"thumbnailUrl\":\"https:\/\/barriosanmartin.com\/wp-content\/uploads\/2025\/06\/ARTEFOTO122-scaled.jpg\",\"datePublished\":\"2025-06-05T12:00:10+00:00\",\"dateModified\":\"2025-11-03T09:20:40+00:00\",\"breadcrumb\":{\"@id\":\"https:\/\/barriosanmartin.com\/eu\/2025\/06\/05\/txapelarte\/#breadcrumb\"},\"inLanguage\":\"eu\",\"potentialAction\":[{\"@type\":\"ReadAction\",\"target\":[\"https:\/\/barriosanmartin.com\/eu\/2025\/06\/05\/txapelarte\/\"]}]},{\"@type\":\"ImageObject\",\"inLanguage\":\"eu\",\"@id\":\"https:\/\/barriosanmartin.com\/eu\/2025\/06\/05\/txapelarte\/#primaryimage\",\"url\":\"https:\/\/barriosanmartin.com\/wp-content\/uploads\/2025\/06\/ARTEFOTO122-scaled.jpg\",\"contentUrl\":\"https:\/\/barriosanmartin.com\/wp-content\/uploads\/2025\/06\/ARTEFOTO122-scaled.jpg\",\"width\":2560,\"height\":1281},{\"@type\":\"BreadcrumbList\",\"@id\":\"https:\/\/barriosanmartin.com\/eu\/2025\/06\/05\/txapelarte\/#breadcrumb\",\"itemListElement\":[{\"@type\":\"ListItem\",\"position\":1,\"name\":\"Portada\",\"item\":\"https:\/\/barriosanmartin.com\/\"},{\"@type\":\"ListItem\",\"position\":2,\"name\":\"TXAPELARTE\"}]},{\"@type\":\"WebSite\",\"@id\":\"https:\/\/barriosanmartin.com\/#website\",\"url\":\"https:\/\/barriosanmartin.com\/\",\"name\":\"Barrio San Mart\u00edn Donostia San Sebasti\u00e1n\",\"description\":\"San Martin auzo elkarteak Easo, San Bartolome eta Zubieta kaleen artean kokatutako 65 komertzio baino gehiago biltzen ditu, izena ematen dion ardatzaren bi aldeetan.\",\"publisher\":{\"@id\":\"https:\/\/barriosanmartin.com\/#organization\"},\"alternateName\":\"Asociaci\u00f3n Barrio San Mart\u00edn\",\"potentialAction\":[{\"@type\":\"SearchAction\",\"target\":{\"@type\":\"EntryPoint\",\"urlTemplate\":\"https:\/\/barriosanmartin.com\/?s={search_term_string}\"},\"query-input\":{\"@type\":\"PropertyValueSpecification\",\"valueRequired\":true,\"valueName\":\"search_term_string\"}}],\"inLanguage\":\"eu\"},{\"@type\":\"Organization\",\"@id\":\"https:\/\/barriosanmartin.com\/#organization\",\"name\":\"Asociaci\u00f3n Barrio San Mart\u00edn\",\"url\":\"https:\/\/barriosanmartin.com\/\",\"logo\":{\"@type\":\"ImageObject\",\"inLanguage\":\"eu\",\"@id\":\"https:\/\/barriosanmartin.com\/#\/schema\/logo\/image\/\",\"url\":\"https:\/\/barriosanmartin.com\/wp-content\/uploads\/2024\/02\/logo-BarrioSanMartin.png\",\"contentUrl\":\"https:\/\/barriosanmartin.com\/wp-content\/uploads\/2024\/02\/logo-BarrioSanMartin.png\",\"width\":672,\"height\":504,\"caption\":\"Asociaci\u00f3n Barrio San Mart\u00edn\"},\"image\":{\"@id\":\"https:\/\/barriosanmartin.com\/#\/schema\/logo\/image\/\"},\"sameAs\":[\"https:\/\/www.facebook.com\/barriosanmartinss\/\",\"https:\/\/www.instagram.com\/barriosanmartinss\/\"]},{\"@type\":\"Person\",\"@id\":\"https:\/\/barriosanmartin.com\/#\/schema\/person\/f78bc027a363c23c37868ebe63159845\",\"name\":\"admin\",\"image\":{\"@type\":\"ImageObject\",\"inLanguage\":\"eu\",\"@id\":\"https:\/\/barriosanmartin.com\/#\/schema\/person\/image\/\",\"url\":\"https:\/\/secure.gravatar.com\/avatar\/2dce659b15742163ae4537684745da47647dad41aaaacc655c8e1ec8db28c709?s=96&d=mm&r=g\",\"contentUrl\":\"https:\/\/secure.gravatar.com\/avatar\/2dce659b15742163ae4537684745da47647dad41aaaacc655c8e1ec8db28c709?s=96&d=mm&r=g\",\"caption\":\"admin\"},\"sameAs\":[\"https:\/\/barriosanmartin.com\"],\"url\":\"https:\/\/barriosanmartin.com\/eu\/author\/admin\/\"}]}<\/script>\n<!-- \/ Yoast SEO plugin. -->","yoast_head_json":{"title":"TXAPELARTE - Barrio San Mart\u00edn Donostia San Sebasti\u00e1n","robots":{"index":"index","follow":"follow","max-snippet":"max-snippet:-1","max-image-preview":"max-image-preview:large","max-video-preview":"max-video-preview:-1"},"canonical":"https:\/\/barriosanmartin.com\/eu\/2025\/06\/05\/txapelarte\/","og_locale":"en_US","og_type":"article","og_title":"TXAPELARTE - Barrio San Mart\u00edn Donostia San Sebasti\u00e1n","og_description":"Arima solidarioa duen artea. Artistak zaindutako Txapel El\u00f3segui erakusketa ibiltaria, Minbiziaren Aurkako Elkartearen alde. 1. Erakusketa2. Artistak eta obrak3. Ibiltaritza4. [&hellip;]","og_url":"https:\/\/barriosanmartin.com\/eu\/2025\/06\/05\/txapelarte\/","og_site_name":"Barrio San Mart\u00edn Donostia San Sebasti\u00e1n","article_publisher":"https:\/\/www.facebook.com\/barriosanmartinss\/","article_published_time":"2025-06-05T12:00:10+00:00","article_modified_time":"2025-11-03T09:20:40+00:00","og_image":[{"width":2560,"height":1281,"url":"https:\/\/barriosanmartin.com\/wp-content\/uploads\/2025\/06\/ARTEFOTO122-scaled.jpg","type":"image\/jpeg"}],"author":"admin","twitter_card":"summary_large_image","twitter_misc":{"Written by":"admin","Est. reading time":"13 minutua"},"schema":{"@context":"https:\/\/schema.org","@graph":[{"@type":"Article","@id":"https:\/\/barriosanmartin.com\/eu\/2025\/06\/05\/txapelarte\/#article","isPartOf":{"@id":"https:\/\/barriosanmartin.com\/eu\/2025\/06\/05\/txapelarte\/"},"author":{"name":"admin","@id":"https:\/\/barriosanmartin.com\/#\/schema\/person\/f78bc027a363c23c37868ebe63159845"},"headline":"TXAPELARTE","datePublished":"2025-06-05T12:00:10+00:00","dateModified":"2025-11-03T09:20:40+00:00","mainEntityOfPage":{"@id":"https:\/\/barriosanmartin.com\/eu\/2025\/06\/05\/txapelarte\/"},"wordCount":2553,"commentCount":0,"publisher":{"@id":"https:\/\/barriosanmartin.com\/#organization"},"image":{"@id":"https:\/\/barriosanmartin.com\/eu\/2025\/06\/05\/txapelarte\/#primaryimage"},"thumbnailUrl":"https:\/\/barriosanmartin.com\/wp-content\/uploads\/2025\/06\/ARTEFOTO122-scaled.jpg","keywords":["Ekitaldiak","Paseo con Sombrero","Sat\u00e9lites"],"articleSection":["Eventos","Moda"],"inLanguage":"eu","potentialAction":[{"@type":"CommentAction","name":"Comment","target":["https:\/\/barriosanmartin.com\/eu\/2025\/06\/05\/txapelarte\/#respond"]}]},{"@type":"WebPage","@id":"https:\/\/barriosanmartin.com\/eu\/2025\/06\/05\/txapelarte\/","url":"https:\/\/barriosanmartin.com\/eu\/2025\/06\/05\/txapelarte\/","name":"TXAPELARTE - Barrio San Mart\u00edn Donostia San Sebasti\u00e1n","isPartOf":{"@id":"https:\/\/barriosanmartin.com\/#website"},"primaryImageOfPage":{"@id":"https:\/\/barriosanmartin.com\/eu\/2025\/06\/05\/txapelarte\/#primaryimage"},"image":{"@id":"https:\/\/barriosanmartin.com\/eu\/2025\/06\/05\/txapelarte\/#primaryimage"},"thumbnailUrl":"https:\/\/barriosanmartin.com\/wp-content\/uploads\/2025\/06\/ARTEFOTO122-scaled.jpg","datePublished":"2025-06-05T12:00:10+00:00","dateModified":"2025-11-03T09:20:40+00:00","breadcrumb":{"@id":"https:\/\/barriosanmartin.com\/eu\/2025\/06\/05\/txapelarte\/#breadcrumb"},"inLanguage":"eu","potentialAction":[{"@type":"ReadAction","target":["https:\/\/barriosanmartin.com\/eu\/2025\/06\/05\/txapelarte\/"]}]},{"@type":"ImageObject","inLanguage":"eu","@id":"https:\/\/barriosanmartin.com\/eu\/2025\/06\/05\/txapelarte\/#primaryimage","url":"https:\/\/barriosanmartin.com\/wp-content\/uploads\/2025\/06\/ARTEFOTO122-scaled.jpg","contentUrl":"https:\/\/barriosanmartin.com\/wp-content\/uploads\/2025\/06\/ARTEFOTO122-scaled.jpg","width":2560,"height":1281},{"@type":"BreadcrumbList","@id":"https:\/\/barriosanmartin.com\/eu\/2025\/06\/05\/txapelarte\/#breadcrumb","itemListElement":[{"@type":"ListItem","position":1,"name":"Portada","item":"https:\/\/barriosanmartin.com\/"},{"@type":"ListItem","position":2,"name":"TXAPELARTE"}]},{"@type":"WebSite","@id":"https:\/\/barriosanmartin.com\/#website","url":"https:\/\/barriosanmartin.com\/","name":"Barrio San Mart\u00edn Donostia San Sebasti\u00e1n","description":"San Martin auzo elkarteak Easo, San Bartolome eta Zubieta kaleen artean kokatutako 65 komertzio baino gehiago biltzen ditu, izena ematen dion ardatzaren bi aldeetan.","publisher":{"@id":"https:\/\/barriosanmartin.com\/#organization"},"alternateName":"Asociaci\u00f3n Barrio San Mart\u00edn","potentialAction":[{"@type":"SearchAction","target":{"@type":"EntryPoint","urlTemplate":"https:\/\/barriosanmartin.com\/?s={search_term_string}"},"query-input":{"@type":"PropertyValueSpecification","valueRequired":true,"valueName":"search_term_string"}}],"inLanguage":"eu"},{"@type":"Organization","@id":"https:\/\/barriosanmartin.com\/#organization","name":"Asociaci\u00f3n Barrio San Mart\u00edn","url":"https:\/\/barriosanmartin.com\/","logo":{"@type":"ImageObject","inLanguage":"eu","@id":"https:\/\/barriosanmartin.com\/#\/schema\/logo\/image\/","url":"https:\/\/barriosanmartin.com\/wp-content\/uploads\/2024\/02\/logo-BarrioSanMartin.png","contentUrl":"https:\/\/barriosanmartin.com\/wp-content\/uploads\/2024\/02\/logo-BarrioSanMartin.png","width":672,"height":504,"caption":"Asociaci\u00f3n Barrio San Mart\u00edn"},"image":{"@id":"https:\/\/barriosanmartin.com\/#\/schema\/logo\/image\/"},"sameAs":["https:\/\/www.facebook.com\/barriosanmartinss\/","https:\/\/www.instagram.com\/barriosanmartinss\/"]},{"@type":"Person","@id":"https:\/\/barriosanmartin.com\/#\/schema\/person\/f78bc027a363c23c37868ebe63159845","name":"admin","image":{"@type":"ImageObject","inLanguage":"eu","@id":"https:\/\/barriosanmartin.com\/#\/schema\/person\/image\/","url":"https:\/\/secure.gravatar.com\/avatar\/2dce659b15742163ae4537684745da47647dad41aaaacc655c8e1ec8db28c709?s=96&d=mm&r=g","contentUrl":"https:\/\/secure.gravatar.com\/avatar\/2dce659b15742163ae4537684745da47647dad41aaaacc655c8e1ec8db28c709?s=96&d=mm&r=g","caption":"admin"},"sameAs":["https:\/\/barriosanmartin.com"],"url":"https:\/\/barriosanmartin.com\/eu\/author\/admin\/"}]}},"uagb_featured_image_src":{"full":["https:\/\/barriosanmartin.com\/wp-content\/uploads\/2025\/06\/ARTEFOTO122-scaled.jpg",2560,1281,false],"thumbnail":["https:\/\/barriosanmartin.com\/wp-content\/uploads\/2025\/06\/ARTEFOTO122-150x150.jpg",150,150,true],"medium":["https:\/\/barriosanmartin.com\/wp-content\/uploads\/2025\/06\/ARTEFOTO122-300x150.jpg",300,150,true],"medium_large":["https:\/\/barriosanmartin.com\/wp-content\/uploads\/2025\/06\/ARTEFOTO122-768x384.jpg",768,384,true],"large":["https:\/\/barriosanmartin.com\/wp-content\/uploads\/2025\/06\/ARTEFOTO122-1024x512.jpg",1024,512,true],"1536x1536":["https:\/\/barriosanmartin.com\/wp-content\/uploads\/2025\/06\/ARTEFOTO122-1536x769.jpg",1536,769,true],"2048x2048":["https:\/\/barriosanmartin.com\/wp-content\/uploads\/2025\/06\/ARTEFOTO122-2048x1025.jpg",2048,1025,true],"gform-image-choice-sm":["https:\/\/barriosanmartin.com\/wp-content\/uploads\/2025\/06\/ARTEFOTO122-scaled.jpg",300,150,false],"gform-image-choice-md":["https:\/\/barriosanmartin.com\/wp-content\/uploads\/2025\/06\/ARTEFOTO122-scaled.jpg",400,200,false],"gform-image-choice-lg":["https:\/\/barriosanmartin.com\/wp-content\/uploads\/2025\/06\/ARTEFOTO122-scaled.jpg",600,300,false]},"uagb_author_info":{"display_name":"admin","author_link":"https:\/\/barriosanmartin.com\/eu\/author\/admin\/"},"uagb_comment_info":0,"uagb_excerpt":"Arima solidarioa duen artea. Artistak zaindutako Txapel El\u00f3segui erakusketa ibiltaria, Minbiziaren Aurkako Elkartearen alde. 1. Erakusketa2. Artistak eta obrak3. Ibiltaritza4. [&hellip;]","_links":{"self":[{"href":"https:\/\/barriosanmartin.com\/eu\/wp-json\/wp\/v2\/posts\/5176","targetHints":{"allow":["GET"]}}],"collection":[{"href":"https:\/\/barriosanmartin.com\/eu\/wp-json\/wp\/v2\/posts"}],"about":[{"href":"https:\/\/barriosanmartin.com\/eu\/wp-json\/wp\/v2\/types\/post"}],"author":[{"embeddable":true,"href":"https:\/\/barriosanmartin.com\/eu\/wp-json\/wp\/v2\/users\/1"}],"replies":[{"embeddable":true,"href":"https:\/\/barriosanmartin.com\/eu\/wp-json\/wp\/v2\/comments?post=5176"}],"version-history":[{"count":9,"href":"https:\/\/barriosanmartin.com\/eu\/wp-json\/wp\/v2\/posts\/5176\/revisions"}],"predecessor-version":[{"id":5411,"href":"https:\/\/barriosanmartin.com\/eu\/wp-json\/wp\/v2\/posts\/5176\/revisions\/5411"}],"wp:featuredmedia":[{"embeddable":true,"href":"https:\/\/barriosanmartin.com\/eu\/wp-json\/wp\/v2\/media\/5183"}],"wp:attachment":[{"href":"https:\/\/barriosanmartin.com\/eu\/wp-json\/wp\/v2\/media?parent=5176"}],"wp:term":[{"taxonomy":"category","embeddable":true,"href":"https:\/\/barriosanmartin.com\/eu\/wp-json\/wp\/v2\/categories?post=5176"},{"taxonomy":"post_tag","embeddable":true,"href":"https:\/\/barriosanmartin.com\/eu\/wp-json\/wp\/v2\/tags?post=5176"}],"curies":[{"name":"wp","href":"https:\/\/api.w.org\/{rel}","templated":true}]}}